{"id":1035,"date":"2021-05-12T14:27:09","date_gmt":"2021-05-12T14:27:09","guid":{"rendered":"http:\/\/localhost\/pelileo\/?p=1035"},"modified":"2021-05-12T14:30:18","modified_gmt":"2021-05-12T14:30:18","slug":"alcalde-leonardo-maroto-recibio-en-el-salon-de-la-ciudad-a-directivos-y-moradores-de-teligote","status":"publish","type":"post","link":"https:\/\/pelileo.gob.ec\/v3\/alcalde-leonardo-maroto-recibio-en-el-salon-de-la-ciudad-a-directivos-y-moradores-de-teligote\/","title":{"rendered":"Alcalde Leonardo Maroto recibi\u00f3 en el Sal\u00f3n de la Ciudad a directivos y moradores de Teligote."},"content":{"rendered":"\n<p>El progreso de nuestro cant\u00f3n se construye con la participaci\u00f3n de los ciudadanos de las diferentes parroquias y comunidades, por ello, el Alcalde Leonardo Maroto recibi\u00f3 en el Sal\u00f3n de la Ciudad a directivos y moradores de <a href=\"https:\/\/www.facebook.com\/hashtag\/teligote?__eep__=6&amp;__cft__[0]=AZXXfob3Aalyen6Zk5MwrPsS9VWqWuqj4G9GQcT3gTrceO1hdLNU_B17ihJq45Gx4UCts-rgKEEoeWM6YcVtQNuq-3sgw6nENE9alppVFAh85XIYk95RNgEhMC0rJ8dwc4RXEN4o4DY-RqmIwHaabmUc&amp;__tn__=*NK-R\">#Teligote<\/a>.Mauricio Ramos, Presidente de la comunidad, tras felicitar a la administraci\u00f3n por brindar este espacio de di\u00e1logo, plante\u00f3 a la primera autoridad municipal las necesidades m\u00e1s sentidas que tienen sus habitantes a fin de articular acciones que permitan cumplir con este anhelo.Nuestro Alcalde, ratific\u00f3 el compromiso municipal para apoyar las iniciativas de los ciudadanos, ya que esto significa satisfacer necesidades que mejoren sus condiciones de vida, por ello, expres\u00f3 la voluntad para establecer acercamientos con el Gobierno Provincial para trabajar conjuntamente en temas de vialidad.<\/p>\n\n\n\n<p><a href=\"https:\/\/www.facebook.com\/hashtag\/juntossomospelileo?__eep__=6&amp;__cft__[0]=AZXXfob3Aalyen6Zk5MwrPsS9VWqWuqj4G9GQcT3gTrceO1hdLNU_B17ihJq45Gx4UCts-rgKEEoeWM6YcVtQNuq-3sgw6nENE9alppVFAh85XIYk95RNgEhMC0rJ8dwc4RXEN4o4DY-RqmIwHaabmUc&amp;__tn__=*NK-R\">#JuntosSomosPELILEO<\/a><\/p>\n","protected":false},"excerpt":{"rendered":"<p>El progreso de nuestro cant\u00f3n se construye con la participaci\u00f3n&hellip; <\/p>\n","protected":false},"author":1,"featured_media":1038,"comment_status":"closed","ping_status":"closed","sticky":false,"template":"","format":"standard","meta":{"footnotes":""},"categories":[],"tags":[],"class_list":["post-1035","post","type-post","status-publish","format-standard","has-post-thumbnail","hentry"],"_links":{"self":[{"href":"https:\/\/pelileo.gob.ec\/v3\/wp-json\/wp\/v2\/posts\/1035","targetHints":{"allow":["GET"]}}],"collection":[{"href":"https:\/\/pelileo.gob.ec\/v3\/wp-json\/wp\/v2\/posts"}],"about":[{"href":"https:\/\/pelileo.gob.ec\/v3\/wp-json\/wp\/v2\/types\/post"}],"author":[{"embeddable":true,"href":"https:\/\/pelileo.gob.ec\/v3\/wp-json\/wp\/v2\/users\/1"}],"replies":[{"embeddable":true,"href":"https:\/\/pelileo.gob.ec\/v3\/wp-json\/wp\/v2\/comments?post=1035"}],"version-history":[{"count":1,"href":"https:\/\/pelileo.gob.ec\/v3\/wp-json\/wp\/v2\/posts\/1035\/revisions"}],"predecessor-version":[{"id":1037,"href":"https:\/\/pelileo.gob.ec\/v3\/wp-json\/wp\/v2\/posts\/1035\/revisions\/1037"}],"wp:featuredmedia":[{"embeddable":true,"href":"https:\/\/pelileo.gob.ec\/v3\/wp-json\/wp\/v2\/media\/1038"}],"wp:attachment":[{"href":"https:\/\/pelileo.gob.ec\/v3\/wp-json\/wp\/v2\/media?parent=1035"}],"wp:term":[{"taxonomy":"category","embeddable":true,"href":"https:\/\/pelileo.gob.ec\/v3\/wp-json\/wp\/v2\/categories?post=1035"},{"taxonomy":"post_tag","embeddable":true,"href":"https:\/\/pelileo.gob.ec\/v3\/wp-json\/wp\/v2\/tags?post=1035"}],"curies":[{"name":"wp","href":"https:\/\/api.w.org\/{rel}","templated":true}]}}