{"id":109,"date":"2021-02-28T08:10:00","date_gmt":"2021-02-28T08:10:00","guid":{"rendered":"http:\/\/demo.themefreesia.com\/magbook\/?p=109"},"modified":"2021-03-03T19:55:54","modified_gmt":"2021-03-03T19:55:54","slug":"first-look-erdems-costumes-for-the-royal-ballet","status":"publish","type":"post","link":"https:\/\/pelileo.gob.ec\/v3\/first-look-erdems-costumes-for-the-royal-ballet\/","title":{"rendered":"Apertura de la feria de plantas"},"content":{"rendered":"<div class=\"kvgmc6g5 cxmmr5t8 oygrvhab hcukyx3x c1et5uql ii04i59q\">\n<div dir=\"auto\">Con mucha alegr\u00eda compartimos la apertura de la feria de plantas con nuestros vecinos y vecinas pertenecientes al grupo de emprendimiento de plantas <a class=\"oajrlxb2 g5ia77u1 qu0x051f esr5mh6w e9989ue4 r7d6kgcz rq0escxv nhd2j8a9 nc684nl6 p7hjln8o kvgmc6g5 cxmmr5t8 oygrvhab hcukyx3x jb3vyjys rz4wbd8a qt6c0cv9 a8nywdso i1ao9s8h esuyzwwr f1sip0of lzcic4wl q66pz984 gpro0wi8 b1v8xokw\" tabindex=\"0\" role=\"link\" href=\"https:\/\/www.facebook.com\/hashtag\/pelileo?__eep__=6&amp;__cft__[0]=AZUYLMiQp4ixMbDurWfcaROsxQspmB6NaKnaHZ9L9zZm01IsoThbXXmMq6tYiUenXY8trsC403lL0QQAnZiusUBWnmqgn4RjvkjNDKCwc0kW7jNRNMhnq6WLjZa3LltU9etUGXNSHrPYKdPg79luRXgQstGIUbmQavY1KMMHJFPw_A&amp;__tn__=*NK-y-R\">#Pelileo<\/a>.<\/div>\n<\/div>\n<div class=\"o9v6fnle cxmmr5t8 oygrvhab hcukyx3x c1et5uql ii04i59q\">\n<div dir=\"auto\">Este espacio se encuentra ubicado en la parroquia de Pelileo Grande, y cuenta con el distanciamiento adecuado para adquirir una gran variedad de plantas ornamentales, frutales y medicinales.<\/div>\n<\/div>\n<div class=\"o9v6fnle cxmmr5t8 oygrvhab hcukyx3x c1et5uql ii04i59q\">\n<div dir=\"auto\">Aqu\u00ed todos los visitantes podr\u00e1n caminar por los viveros de la zona y encontrar el cari\u00f1o caracter\u00edstico de nuestra gente.<\/div>\n<div dir=\"auto\"><span class=\"pq6dq46d tbxw36s4 knj5qynh kvgmc6g5 ditlmg2l oygrvhab nvdbi5me sf5mxxl7 gl3lb2sf hhz5lgdu\"><img decoding=\"async\" src=\"https:\/\/static.xx.fbcdn.net\/images\/emoji.php\/v9\/ta\/1\/16\/1f343.png\" alt=\"\ud83c\udf43\" width=\"16\" height=\"16\" \/><\/span><span class=\"pq6dq46d tbxw36s4 knj5qynh kvgmc6g5 ditlmg2l oygrvhab nvdbi5me sf5mxxl7 gl3lb2sf hhz5lgdu\"><img decoding=\"async\" src=\"https:\/\/static.xx.fbcdn.net\/images\/emoji.php\/v9\/tcb\/1\/16\/1fab4.png\" alt=\"\ud83e\udeb4\" width=\"16\" height=\"16\" \/><\/span><span class=\"pq6dq46d tbxw36s4 knj5qynh kvgmc6g5 ditlmg2l oygrvhab nvdbi5me sf5mxxl7 gl3lb2sf hhz5lgdu\"><img decoding=\"async\" src=\"https:\/\/static.xx.fbcdn.net\/images\/emoji.php\/v9\/t20\/1\/16\/1f1ed_1f1fa.png\" alt=\"\ud83c\udded\ud83c\uddfa\" width=\"16\" height=\"16\" \/><\/span><\/div>\n<\/div>\n<div class=\"o9v6fnle cxmmr5t8 oygrvhab hcukyx3x c1et5uql ii04i59q\">\n<div dir=\"auto\"><a class=\"oajrlxb2 g5ia77u1 qu0x051f esr5mh6w e9989ue4 r7d6kgcz rq0escxv nhd2j8a9 nc684nl6 p7hjln8o kvgmc6g5 cxmmr5t8 oygrvhab hcukyx3x jb3vyjys rz4wbd8a qt6c0cv9 a8nywdso i1ao9s8h esuyzwwr f1sip0of lzcic4wl q66pz984 gpro0wi8 b1v8xokw\" tabindex=\"0\" role=\"link\" href=\"https:\/\/www.facebook.com\/hashtag\/pelileosomostodos?__eep__=6&amp;__cft__[0]=AZUYLMiQp4ixMbDurWfcaROsxQspmB6NaKnaHZ9L9zZm01IsoThbXXmMq6tYiUenXY8trsC403lL0QQAnZiusUBWnmqgn4RjvkjNDKCwc0kW7jNRNMhnq6WLjZa3LltU9etUGXNSHrPYKdPg79luRXgQstGIUbmQavY1KMMHJFPw_A&amp;__tn__=*NK-y-R\">#PelileoSomosTodos<\/a><\/div>\n<\/div>\n","protected":false},"excerpt":{"rendered":"<p>Con mucha alegr\u00eda compartimos la apertura de la feria de&hellip; <\/p>\n","protected":false},"author":1,"featured_media":509,"comment_status":"closed","ping_status":"closed","sticky":false,"template":"","format":"standard","meta":{"footnotes":""},"categories":[13],"tags":[],"class_list":["post-109","post","type-post","status-publish","format-standard","has-post-thumbnail","hentry","category-vogue"],"_links":{"self":[{"href":"https:\/\/pelileo.gob.ec\/v3\/wp-json\/wp\/v2\/posts\/109","targetHints":{"allow":["GET"]}}],"collection":[{"href":"https:\/\/pelileo.gob.ec\/v3\/wp-json\/wp\/v2\/posts"}],"about":[{"href":"https:\/\/pelileo.gob.ec\/v3\/wp-json\/wp\/v2\/types\/post"}],"author":[{"embeddable":true,"href":"https:\/\/pelileo.gob.ec\/v3\/wp-json\/wp\/v2\/users\/1"}],"replies":[{"embeddable":true,"href":"https:\/\/pelileo.gob.ec\/v3\/wp-json\/wp\/v2\/comments?post=109"}],"version-history":[{"count":2,"href":"https:\/\/pelileo.gob.ec\/v3\/wp-json\/wp\/v2\/posts\/109\/revisions"}],"predecessor-version":[{"id":510,"href":"https:\/\/pelileo.gob.ec\/v3\/wp-json\/wp\/v2\/posts\/109\/revisions\/510"}],"wp:featuredmedia":[{"embeddable":true,"href":"https:\/\/pelileo.gob.ec\/v3\/wp-json\/wp\/v2\/media\/509"}],"wp:attachment":[{"href":"https:\/\/pelileo.gob.ec\/v3\/wp-json\/wp\/v2\/media?parent=109"}],"wp:term":[{"taxonomy":"category","embeddable":true,"href":"https:\/\/pelileo.gob.ec\/v3\/wp-json\/wp\/v2\/categories?post=109"},{"taxonomy":"post_tag","embeddable":true,"href":"https:\/\/pelileo.gob.ec\/v3\/wp-json\/wp\/v2\/tags?post=109"}],"curies":[{"name":"wp","href":"https:\/\/api.w.org\/{rel}","templated":true}]}}