{"id":1161,"date":"2021-07-02T09:02:20","date_gmt":"2021-07-02T14:02:20","guid":{"rendered":"https:\/\/pelileo.gob.ec\/portal\/?p=1161"},"modified":"2021-07-02T09:02:20","modified_gmt":"2021-07-02T14:02:20","slug":"homenaje-a-nuestro-patrono-san-pedro","status":"publish","type":"post","link":"https:\/\/pelileo.gob.ec\/v3\/homenaje-a-nuestro-patrono-san-pedro\/","title":{"rendered":"Homenaje a nuestro patrono San Pedro"},"content":{"rendered":"\n<p>La fe y unidad de los pelile\u00f1os se evidenci\u00f3 durante la celebraci\u00f3n eucar\u00edstica en homenaje a nuestro patrono San Pedro, presidida por el Obispo la Di\u00f3cesis de <a href=\"https:\/\/www.facebook.com\/hashtag\/ambato?__eep__=6&amp;__cft__[0]=AZUws4dw4WVFlYxFJwIWTKxPHewzqav4h2nU-vJngX5YB8-KZkFq-pGrLOm5VOweN8ZihOn-NQYfi1rPtNyszoOiBn6qLbcghRvUTYGuAxATOm74A86T1KqjcCt5FEuPrZs2WvOvVlqQZL1aFyrQYqgq&amp;__tn__=*NK-R\">#Ambato<\/a>, Monse\u00f1or Geovany Pazmi\u00f1o, para reconocer las virtudes cristianas de quien es considerado la roca de la iglesia cat\u00f3lica.Con c\u00e1nticos de alabanza y adoraci\u00f3n, la imagen de San Pedro recorri\u00f3 las principales calles de nuestra ciudad ante la alegr\u00eda de los ciudadanos que salieron a los balcones y veredas para aplaudir su paso, renovar la admiraci\u00f3n y respeto hacia su legado evangelizador.Finalmente, la caravana lleg\u00f3 hasta el sector \u201cEl Corte\u201d, ingreso a Pelileo, donde se levanta majestuosa la imagen de San Pedro con las llaves de la ciudad, ofreciendo la bienvenida a pelile\u00f1os y visitantes, cuyo monumento fue bendecido por las autoridades eclesi\u00e1sticas de nuestra provincia.<a href=\"https:\/\/www.facebook.com\/hashtag\/puebloinquebrantable?__eep__=6&amp;__cft__[0]=AZUws4dw4WVFlYxFJwIWTKxPHewzqav4h2nU-vJngX5YB8-KZkFq-pGrLOm5VOweN8ZihOn-NQYfi1rPtNyszoOiBn6qLbcghRvUTYGuAxATOm74A86T1KqjcCt5FEuPrZs2WvOvVlqQZL1aFyrQYqgq&amp;__tn__=*NK-R\">#PuebloInquebrantable<\/a><\/p>\n","protected":false},"excerpt":{"rendered":"<p>La fe y unidad de los pelile\u00f1os se evidenci\u00f3 durante&hellip; <\/p>\n","protected":false},"author":1,"featured_media":1162,"comment_status":"closed","ping_status":"closed","sticky":false,"template":"","format":"standard","meta":{"footnotes":""},"categories":[9],"tags":[],"class_list":["post-1161","post","type-post","status-publish","format-standard","has-post-thumbnail","hentry","category-slider"],"_links":{"self":[{"href":"https:\/\/pelileo.gob.ec\/v3\/wp-json\/wp\/v2\/posts\/1161","targetHints":{"allow":["GET"]}}],"collection":[{"href":"https:\/\/pelileo.gob.ec\/v3\/wp-json\/wp\/v2\/posts"}],"about":[{"href":"https:\/\/pelileo.gob.ec\/v3\/wp-json\/wp\/v2\/types\/post"}],"author":[{"embeddable":true,"href":"https:\/\/pelileo.gob.ec\/v3\/wp-json\/wp\/v2\/users\/1"}],"replies":[{"embeddable":true,"href":"https:\/\/pelileo.gob.ec\/v3\/wp-json\/wp\/v2\/comments?post=1161"}],"version-history":[{"count":1,"href":"https:\/\/pelileo.gob.ec\/v3\/wp-json\/wp\/v2\/posts\/1161\/revisions"}],"predecessor-version":[{"id":1163,"href":"https:\/\/pelileo.gob.ec\/v3\/wp-json\/wp\/v2\/posts\/1161\/revisions\/1163"}],"wp:featuredmedia":[{"embeddable":true,"href":"https:\/\/pelileo.gob.ec\/v3\/wp-json\/wp\/v2\/media\/1162"}],"wp:attachment":[{"href":"https:\/\/pelileo.gob.ec\/v3\/wp-json\/wp\/v2\/media?parent=1161"}],"wp:term":[{"taxonomy":"category","embeddable":true,"href":"https:\/\/pelileo.gob.ec\/v3\/wp-json\/wp\/v2\/categories?post=1161"},{"taxonomy":"post_tag","embeddable":true,"href":"https:\/\/pelileo.gob.ec\/v3\/wp-json\/wp\/v2\/tags?post=1161"}],"curies":[{"name":"wp","href":"https:\/\/api.w.org\/{rel}","templated":true}]}}