{"id":1164,"date":"2021-07-02T13:06:46","date_gmt":"2021-07-02T18:06:46","guid":{"rendered":"https:\/\/pelileo.gob.ec\/portal\/?p=1164"},"modified":"2021-07-07T11:12:26","modified_gmt":"2021-07-07T16:12:26","slug":"serenata-virtual-a-la-familia-pelilena","status":"publish","type":"post","link":"https:\/\/pelileo.gob.ec\/v3\/serenata-virtual-a-la-familia-pelilena\/","title":{"rendered":"Pelileo generando concentraci\u00f3n y creatividad"},"content":{"rendered":"\n<p>En la Biblioteca Municipal del Cant\u00f3n San Pedro de Pelileo, se desarroll\u00f3 el lanzamiento del Primer Curso de Ajedrez B\u00e1sico, el mismo que se llevar\u00e1 a cabo durante el mes de Julio con diferentes horarios. Evento que dio apertura con palabras de bienvenida a cargo del Ing. Julio Flores Concejal del Cant\u00f3n, que a nombre del se\u00f1or Alcalde expres\u00f3 gratitud y resalt\u00f3 la colaboraci\u00f3n e inter\u00e9s al taller que ha tenido por parte de los padres de familia y especialmente los ni\u00f1os de la colectividad.Los cursos y la ense\u00f1anza ser\u00e1n impartidos por la Se\u00f1orita Maritza Villegas, qui\u00e9n tambi\u00e9n contar\u00e1 con la colaboraci\u00f3n de la Licenciada Natalia Rodriguez. <a href=\"https:\/\/www.facebook.com\/hashtag\/estoespelileo?__eep__=6&amp;__cft__[0]=AZUohEybcVFfU1SQl84QTla-PKyYQJiDsl5uUtHagIAta77Ai_lhldwhBy3UOx9V_iONAzltJa1JwdsCKFBwIebyNE_TKv-p9MhseVoez71ORep8qknOgswWu8bFuqZ-sT9ndrF1DkfNG8fBxWTMQHDa43f36n6Uphp5_vptBL4eEw&amp;__tn__=*NK-R\">#EstoEsPelileo<\/a><a href=\"https:\/\/www.facebook.com\/hashtag\/juntosreactivamospelileo?__eep__=6&amp;__cft__[0]=AZUohEybcVFfU1SQl84QTla-PKyYQJiDsl5uUtHagIAta77Ai_lhldwhBy3UOx9V_iONAzltJa1JwdsCKFBwIebyNE_TKv-p9MhseVoez71ORep8qknOgswWu8bFuqZ-sT9ndrF1DkfNG8fBxWTMQHDa43f36n6Uphp5_vptBL4eEw&amp;__tn__=*NK-R\"> #JuntosReactivamosPelileo<\/a><a href=\"https:\/\/www.facebook.com\/hashtag\/vivepelileo?__eep__=6&amp;__cft__[0]=AZUohEybcVFfU1SQl84QTla-PKyYQJiDsl5uUtHagIAta77Ai_lhldwhBy3UOx9V_iONAzltJa1JwdsCKFBwIebyNE_TKv-p9MhseVoez71ORep8qknOgswWu8bFuqZ-sT9ndrF1DkfNG8fBxWTMQHDa43f36n6Uphp5_vptBL4eEw&amp;__tn__=*NK-R\"> #vivepelileo<\/a><a href=\"https:\/\/www.facebook.com\/hashtag\/juntossomospelileo?__eep__=6&amp;__cft__[0]=AZUohEybcVFfU1SQl84QTla-PKyYQJiDsl5uUtHagIAta77Ai_lhldwhBy3UOx9V_iONAzltJa1JwdsCKFBwIebyNE_TKv-p9MhseVoez71ORep8qknOgswWu8bFuqZ-sT9ndrF1DkfNG8fBxWTMQHDa43f36n6Uphp5_vptBL4eEw&amp;__tn__=*NK-R\"> #JuntosSomosPELILEO<\/a><a href=\"https:\/\/www.facebook.com\/hashtag\/puebloinquebrantable?__eep__=6&amp;__cft__[0]=AZUohEybcVFfU1SQl84QTla-PKyYQJiDsl5uUtHagIAta77Ai_lhldwhBy3UOx9V_iONAzltJa1JwdsCKFBwIebyNE_TKv-p9MhseVoez71ORep8qknOgswWu8bFuqZ-sT9ndrF1DkfNG8fBxWTMQHDa43f36n6Uphp5_vptBL4eEw&amp;__tn__=*NK-R\"> #puebloinquebrantable<\/a><a href=\"https:\/\/www.facebook.com\/hashtag\/pelileo?__eep__=6&amp;__cft__[0]=AZUohEybcVFfU1SQl84QTla-PKyYQJiDsl5uUtHagIAta77Ai_lhldwhBy3UOx9V_iONAzltJa1JwdsCKFBwIebyNE_TKv-p9MhseVoez71ORep8qknOgswWu8bFuqZ-sT9ndrF1DkfNG8fBxWTMQHDa43f36n6Uphp5_vptBL4eEw&amp;__tn__=*NK-R\"> <\/a><a href=\"https:\/\/www.facebook.com\/hashtag\/pelileo?__eep__=6&amp;__cft__[0]=AZUohEybcVFfU1SQl84QTla-PKyYQJiDsl5uUtHagIAta77Ai_lhldwhBy3UOx9V_iONAzltJa1JwdsCKFBwIebyNE_TKv-p9MhseVoez71ORep8qknOgswWu8bFuqZ-sT9ndrF1DkfNG8fBxWTMQHDa43f36n6Uphp5_vptBL4eEw&amp;__tn__=*NK-R\">#Pelileo<\/a><\/p>\n","protected":false},"excerpt":{"rendered":"<p>En la Biblioteca Municipal del Cant\u00f3n San Pedro de Pelileo,&hellip; <\/p>\n","protected":false},"author":1,"featured_media":1209,"comment_status":"closed","ping_status":"closed","sticky":false,"template":"","format":"standard","meta":{"footnotes":""},"categories":[2],"tags":[],"class_list":["post-1164","post","type-post","status-publish","format-standard","has-post-thumbnail","hentry","category-business"],"_links":{"self":[{"href":"https:\/\/pelileo.gob.ec\/v3\/wp-json\/wp\/v2\/posts\/1164","targetHints":{"allow":["GET"]}}],"collection":[{"href":"https:\/\/pelileo.gob.ec\/v3\/wp-json\/wp\/v2\/posts"}],"about":[{"href":"https:\/\/pelileo.gob.ec\/v3\/wp-json\/wp\/v2\/types\/post"}],"author":[{"embeddable":true,"href":"https:\/\/pelileo.gob.ec\/v3\/wp-json\/wp\/v2\/users\/1"}],"replies":[{"embeddable":true,"href":"https:\/\/pelileo.gob.ec\/v3\/wp-json\/wp\/v2\/comments?post=1164"}],"version-history":[{"count":2,"href":"https:\/\/pelileo.gob.ec\/v3\/wp-json\/wp\/v2\/posts\/1164\/revisions"}],"predecessor-version":[{"id":1210,"href":"https:\/\/pelileo.gob.ec\/v3\/wp-json\/wp\/v2\/posts\/1164\/revisions\/1210"}],"wp:featuredmedia":[{"embeddable":true,"href":"https:\/\/pelileo.gob.ec\/v3\/wp-json\/wp\/v2\/media\/1209"}],"wp:attachment":[{"href":"https:\/\/pelileo.gob.ec\/v3\/wp-json\/wp\/v2\/media?parent=1164"}],"wp:term":[{"taxonomy":"category","embeddable":true,"href":"https:\/\/pelileo.gob.ec\/v3\/wp-json\/wp\/v2\/categories?post=1164"},{"taxonomy":"post_tag","embeddable":true,"href":"https:\/\/pelileo.gob.ec\/v3\/wp-json\/wp\/v2\/tags?post=1164"}],"curies":[{"name":"wp","href":"https:\/\/api.w.org\/{rel}","templated":true}]}}