{"id":117,"date":"2021-02-03T08:16:00","date_gmt":"2021-02-03T08:16:00","guid":{"rendered":"http:\/\/demo.themefreesia.com\/magbook\/?p=117"},"modified":"2021-07-01T11:30:45","modified_gmt":"2021-07-01T16:30:45","slug":"esterilizacion-de-perros-y-gatos-en-nuestro-canton","status":"publish","type":"post","link":"https:\/\/pelileo.gob.ec\/v3\/esterilizacion-de-perros-y-gatos-en-nuestro-canton\/","title":{"rendered":"Esterilizaci\u00f3n de perros y gatos en nuestro cant\u00f3n"},"content":{"rendered":"<div class=\"kvgmc6g5 cxmmr5t8 oygrvhab hcukyx3x c1et5uql ii04i59q\">\n<div dir=\"auto\">Con una charla informativa sobre la tenencia responsable de mascotas, se inici\u00f3 el proceso de esterilizaci\u00f3n de perros y gatos en nuestro cant\u00f3n.<\/div>\n<\/div>\n<div class=\"o9v6fnle cxmmr5t8 oygrvhab hcukyx3x c1et5uql ii04i59q\">\n<div dir=\"auto\">Durante el presente a\u00f1o, recibir la capacitaci\u00f3n constituye un requisito para acceder al turno de intervenci\u00f3n, lo que permitir\u00e1 generar conciencia ciudadana sobre los cuidados que se debe ofrecer a las mascotas y evitar su maltrato y abandono, inform\u00f3 Jos\u00e9 Carrasco, m\u00e9dico veterinario del GAD Municipal.<\/div>\n<\/div>\n<div class=\"o9v6fnle cxmmr5t8 oygrvhab hcukyx3x c1et5uql ii04i59q\">\n<div dir=\"auto\">Este trabajo se inici\u00f3 en la comunidad La Clementina y se mantendr\u00e1 en las parroquias y comunidades de acuerdo a un cronograma de trabajo establecido con las autoridades parroquiales, de igual forma la esterilizaci\u00f3n tambi\u00e9n se cumplir\u00e1 en los diferentes barrios de la matriz, bajo los mismos par\u00e1metros.<\/div>\n<\/div>\n<div class=\"o9v6fnle cxmmr5t8 oygrvhab hcukyx3x c1et5uql ii04i59q\">\n<div dir=\"auto\"><a class=\"oajrlxb2 g5ia77u1 qu0x051f esr5mh6w e9989ue4 r7d6kgcz rq0escxv nhd2j8a9 nc684nl6 p7hjln8o kvgmc6g5 cxmmr5t8 oygrvhab hcukyx3x jb3vyjys rz4wbd8a qt6c0cv9 a8nywdso i1ao9s8h esuyzwwr f1sip0of lzcic4wl q66pz984 gpro0wi8 b1v8xokw\" tabindex=\"0\" role=\"link\" href=\"https:\/\/www.facebook.com\/hashtag\/juntossomospelileo?__eep__=6&amp;__cft__[0]=AZWbSMBrcBTUx_wvvjqfdyS5m2nc-5Xbl5p9DuVKJJyPsHd8msiV6b5II5V8X2eInpL-4WZT3RmC6TawYH8oSh1p041UG9SQocDGg810B7YiviOU9Lodh3LtM-lTrG2V6TCJEnwaMN6kBdtDfCPcrGd9&amp;__tn__=*NK-R\">#JuntosSomosPELILEO<\/a><\/div>\n<\/div>\n","protected":false},"excerpt":{"rendered":"<p>Con una charla informativa sobre la tenencia responsable de mascotas,&hellip; <\/p>\n","protected":false},"author":1,"featured_media":495,"comment_status":"closed","ping_status":"closed","sticky":false,"template":"","format":"standard","meta":{"footnotes":""},"categories":[13],"tags":[],"class_list":["post-117","post","type-post","status-publish","format-standard","has-post-thumbnail","hentry","category-vogue"],"_links":{"self":[{"href":"https:\/\/pelileo.gob.ec\/v3\/wp-json\/wp\/v2\/posts\/117","targetHints":{"allow":["GET"]}}],"collection":[{"href":"https:\/\/pelileo.gob.ec\/v3\/wp-json\/wp\/v2\/posts"}],"about":[{"href":"https:\/\/pelileo.gob.ec\/v3\/wp-json\/wp\/v2\/types\/post"}],"author":[{"embeddable":true,"href":"https:\/\/pelileo.gob.ec\/v3\/wp-json\/wp\/v2\/users\/1"}],"replies":[{"embeddable":true,"href":"https:\/\/pelileo.gob.ec\/v3\/wp-json\/wp\/v2\/comments?post=117"}],"version-history":[{"count":2,"href":"https:\/\/pelileo.gob.ec\/v3\/wp-json\/wp\/v2\/posts\/117\/revisions"}],"predecessor-version":[{"id":501,"href":"https:\/\/pelileo.gob.ec\/v3\/wp-json\/wp\/v2\/posts\/117\/revisions\/501"}],"wp:featuredmedia":[{"embeddable":true,"href":"https:\/\/pelileo.gob.ec\/v3\/wp-json\/wp\/v2\/media\/495"}],"wp:attachment":[{"href":"https:\/\/pelileo.gob.ec\/v3\/wp-json\/wp\/v2\/media?parent=117"}],"wp:term":[{"taxonomy":"category","embeddable":true,"href":"https:\/\/pelileo.gob.ec\/v3\/wp-json\/wp\/v2\/categories?post=117"},{"taxonomy":"post_tag","embeddable":true,"href":"https:\/\/pelileo.gob.ec\/v3\/wp-json\/wp\/v2\/tags?post=117"}],"curies":[{"name":"wp","href":"https:\/\/api.w.org\/{rel}","templated":true}]}}