{"id":1250,"date":"2021-07-13T15:10:54","date_gmt":"2021-07-13T20:10:54","guid":{"rendered":"https:\/\/pelileo.gob.ec\/portal\/?p=1250"},"modified":"2021-07-13T15:10:54","modified_gmt":"2021-07-13T20:10:54","slug":"infraestructura-deportiva-de-ciclismo-rehabilitada","status":"publish","type":"post","link":"https:\/\/pelileo.gob.ec\/v3\/infraestructura-deportiva-de-ciclismo-rehabilitada\/","title":{"rendered":"Infraestructura Deportiva de Ciclismo Rehabilitada"},"content":{"rendered":"\n<p>El trabajo mancomunado entre los padres de familia y el GAD Municipal, permiti\u00f3 rehabilitar la pista de <a href=\"https:\/\/www.facebook.com\/hashtag\/ciclismo?__eep__=6&amp;__cft__[0]=AZX5qQlpvFEkWfDSYXgdeYCNt0X2bNnI7QzWrEQ24YPk1NcB_i2J3MamdgkllkGI5UkdxYl1delpv_AQobQnJyefFwSRpD84QDqtToQpXfafYGF-4Cu6G4CPuOnzVvQw-ATNRVr7ANcasCEooYdmQEPc&amp;__tn__=*NK-R\">#ciclismo<\/a> ubicada en la parroquia Pelileo Grande, para que nuestros ni\u00f1os y j\u00f3venes puedan retomar la pr\u00e1ctica de este deporte.<\/p>\n\n\n\n<p>Mediante el corte de cinta, el Alcalde Leonardo Maroto junto a varios Concejales Municipales y Directores Departamentales, entregaron simb\u00f3licamente la infraestructura deportiva en la que los pelile\u00f1os puedan ocupar su tiempo vacacional, en el perfeccionamiento de esta disciplina.<a href=\"https:\/\/www.facebook.com\/hashtag\/juntossomospelileo?__eep__=6&amp;__cft__[0]=AZX5qQlpvFEkWfDSYXgdeYCNt0X2bNnI7QzWrEQ24YPk1NcB_i2J3MamdgkllkGI5UkdxYl1delpv_AQobQnJyefFwSRpD84QDqtToQpXfafYGF-4Cu6G4CPuOnzVvQw-ATNRVr7ANcasCEooYdmQEPc&amp;__tn__=*NK-R\">#JuntosSomosPELILEO<\/a><\/p>\n","protected":false},"excerpt":{"rendered":"<p>El trabajo mancomunado entre los padres de familia y el&hellip; <\/p>\n","protected":false},"author":1,"featured_media":1251,"comment_status":"closed","ping_status":"closed","sticky":false,"template":"","format":"standard","meta":{"footnotes":""},"categories":[9],"tags":[],"class_list":["post-1250","post","type-post","status-publish","format-standard","has-post-thumbnail","hentry","category-slider"],"_links":{"self":[{"href":"https:\/\/pelileo.gob.ec\/v3\/wp-json\/wp\/v2\/posts\/1250","targetHints":{"allow":["GET"]}}],"collection":[{"href":"https:\/\/pelileo.gob.ec\/v3\/wp-json\/wp\/v2\/posts"}],"about":[{"href":"https:\/\/pelileo.gob.ec\/v3\/wp-json\/wp\/v2\/types\/post"}],"author":[{"embeddable":true,"href":"https:\/\/pelileo.gob.ec\/v3\/wp-json\/wp\/v2\/users\/1"}],"replies":[{"embeddable":true,"href":"https:\/\/pelileo.gob.ec\/v3\/wp-json\/wp\/v2\/comments?post=1250"}],"version-history":[{"count":1,"href":"https:\/\/pelileo.gob.ec\/v3\/wp-json\/wp\/v2\/posts\/1250\/revisions"}],"predecessor-version":[{"id":1252,"href":"https:\/\/pelileo.gob.ec\/v3\/wp-json\/wp\/v2\/posts\/1250\/revisions\/1252"}],"wp:featuredmedia":[{"embeddable":true,"href":"https:\/\/pelileo.gob.ec\/v3\/wp-json\/wp\/v2\/media\/1251"}],"wp:attachment":[{"href":"https:\/\/pelileo.gob.ec\/v3\/wp-json\/wp\/v2\/media?parent=1250"}],"wp:term":[{"taxonomy":"category","embeddable":true,"href":"https:\/\/pelileo.gob.ec\/v3\/wp-json\/wp\/v2\/categories?post=1250"},{"taxonomy":"post_tag","embeddable":true,"href":"https:\/\/pelileo.gob.ec\/v3\/wp-json\/wp\/v2\/tags?post=1250"}],"curies":[{"name":"wp","href":"https:\/\/api.w.org\/{rel}","templated":true}]}}