{"id":1264,"date":"2021-07-20T09:18:04","date_gmt":"2021-07-20T14:18:04","guid":{"rendered":"https:\/\/pelileo.gob.ec\/portal\/?p=1264"},"modified":"2021-07-20T10:10:58","modified_gmt":"2021-07-20T15:10:58","slug":"reactivate-pelileo","status":"publish","type":"post","link":"https:\/\/pelileo.gob.ec\/v3\/reactivate-pelileo\/","title":{"rendered":"Feria productiva \u00abReact\u00edvate Pelileo\u00bb"},"content":{"rendered":"\n<p>Un cierre espectacular tuvo el primer d\u00eda de la feria Productiva \u201cReact\u00edvate Pelileo\u201d realizada en el Complejo Tur\u00edstico La Moya en conmemoraci\u00f3n a los 161 a\u00f1os de cantonizaci\u00f3n de <a href=\"https:\/\/www.facebook.com\/hashtag\/pelileo?__eep__=6&amp;__cft__[0]=AZVsMeU4er3HVPo1pgbh91FpumdwNu73pYTJGhNn_VPmOSRSX6DC2amyVa7Xs3E9g3VNs5sbIUl-OgkdiWjbIlsrQX9HGpafoK4kJ14d7x9IG0FJIOyna3IJLX_f1OA9dgriJdenBLoDVvHQsDQEhSYY&amp;__tn__=*NK-R\">#Pelileo<\/a>, mediante una pasarela de moda en prendas jean que identifica la producci\u00f3n textil de Pelileo. <\/p>\n\n\n\n<p>Las empresas <a href=\"https:\/\/www.facebook.com\/hashtag\/ramjeans?__eep__=6&amp;__cft__[0]=AZVsMeU4er3HVPo1pgbh91FpumdwNu73pYTJGhNn_VPmOSRSX6DC2amyVa7Xs3E9g3VNs5sbIUl-OgkdiWjbIlsrQX9HGpafoK4kJ14d7x9IG0FJIOyna3IJLX_f1OA9dgriJdenBLoDVvHQsDQEhSYY&amp;__tn__=*NK-R\">#RamJeans<\/a> y <a href=\"https:\/\/www.facebook.com\/hashtag\/veranosport?__eep__=6&amp;__cft__[0]=AZVsMeU4er3HVPo1pgbh91FpumdwNu73pYTJGhNn_VPmOSRSX6DC2amyVa7Xs3E9g3VNs5sbIUl-OgkdiWjbIlsrQX9HGpafoK4kJ14d7x9IG0FJIOyna3IJLX_f1OA9dgriJdenBLoDVvHQsDQEhSYY&amp;__tn__=*NK-R\">#VeranoSport<\/a>, presentaron la colecci\u00f3n 2021 de pantalones jean para hombres y mujeres, confeccionados bajo las \u00faltimas tendencias de la moda, con aspectos de gastado y rotos, conforme a la preferencia de la juventud. <\/p>\n\n\n\n<p>Mientras que la empresa <a href=\"https:\/\/www.facebook.com\/hashtag\/luixim?__eep__=6&amp;__cft__[0]=AZVsMeU4er3HVPo1pgbh91FpumdwNu73pYTJGhNn_VPmOSRSX6DC2amyVa7Xs3E9g3VNs5sbIUl-OgkdiWjbIlsrQX9HGpafoK4kJ14d7x9IG0FJIOyna3IJLX_f1OA9dgriJdenBLoDVvHQsDQEhSYY&amp;__tn__=*NK-R\">#Luixim<\/a> del barrio San Blas perteneciente a la parroquia <a href=\"https:\/\/www.facebook.com\/hashtag\/ben%C3%ADtez?__eep__=6&amp;__cft__[0]=AZVsMeU4er3HVPo1pgbh91FpumdwNu73pYTJGhNn_VPmOSRSX6DC2amyVa7Xs3E9g3VNs5sbIUl-OgkdiWjbIlsrQX9HGpafoK4kJ14d7x9IG0FJIOyna3IJLX_f1OA9dgriJdenBLoDVvHQsDQEhSYY&amp;__tn__=*NK-R\">#Ben\u00edtez<\/a>, present\u00f3 su l\u00ednea de pijamas multicolores en dise\u00f1o de peluches, confeccionadas en tela t\u00e9rmica para abrigo y comodidad de los usuarios.<\/p>\n\n\n\n<figure class=\"wp-block-image size-large\"><img fetchpriority=\"high\" decoding=\"async\" width=\"1024\" height=\"682\" src=\"https:\/\/pelileo.gob.ec\/portal\/wp-content\/uploads\/2021\/07\/pijama-pelileo-1024x682.jpg\" alt=\"\" class=\"wp-image-1266\" srcset=\"https:\/\/pelileo.gob.ec\/v3\/wp-content\/uploads\/2021\/07\/pijama-pelileo-1024x682.jpg 1024w, https:\/\/pelileo.gob.ec\/v3\/wp-content\/uploads\/2021\/07\/pijama-pelileo-300x200.jpg 300w, https:\/\/pelileo.gob.ec\/v3\/wp-content\/uploads\/2021\/07\/pijama-pelileo-768x512.jpg 768w, https:\/\/pelileo.gob.ec\/v3\/wp-content\/uploads\/2021\/07\/pijama-pelileo.jpg 1280w\" sizes=\"(max-width: 1024px) 100vw, 1024px\" \/><\/figure>\n","protected":false},"excerpt":{"rendered":"<p>Un cierre espectacular tuvo el primer d\u00eda de la feria&hellip; <\/p>\n","protected":false},"author":1,"featured_media":1265,"comment_status":"closed","ping_status":"closed","sticky":false,"template":"","format":"standard","meta":{"footnotes":""},"categories":[9],"tags":[],"class_list":["post-1264","post","type-post","status-publish","format-standard","has-post-thumbnail","hentry","category-slider"],"_links":{"self":[{"href":"https:\/\/pelileo.gob.ec\/v3\/wp-json\/wp\/v2\/posts\/1264","targetHints":{"allow":["GET"]}}],"collection":[{"href":"https:\/\/pelileo.gob.ec\/v3\/wp-json\/wp\/v2\/posts"}],"about":[{"href":"https:\/\/pelileo.gob.ec\/v3\/wp-json\/wp\/v2\/types\/post"}],"author":[{"embeddable":true,"href":"https:\/\/pelileo.gob.ec\/v3\/wp-json\/wp\/v2\/users\/1"}],"replies":[{"embeddable":true,"href":"https:\/\/pelileo.gob.ec\/v3\/wp-json\/wp\/v2\/comments?post=1264"}],"version-history":[{"count":2,"href":"https:\/\/pelileo.gob.ec\/v3\/wp-json\/wp\/v2\/posts\/1264\/revisions"}],"predecessor-version":[{"id":1268,"href":"https:\/\/pelileo.gob.ec\/v3\/wp-json\/wp\/v2\/posts\/1264\/revisions\/1268"}],"wp:featuredmedia":[{"embeddable":true,"href":"https:\/\/pelileo.gob.ec\/v3\/wp-json\/wp\/v2\/media\/1265"}],"wp:attachment":[{"href":"https:\/\/pelileo.gob.ec\/v3\/wp-json\/wp\/v2\/media?parent=1264"}],"wp:term":[{"taxonomy":"category","embeddable":true,"href":"https:\/\/pelileo.gob.ec\/v3\/wp-json\/wp\/v2\/categories?post=1264"},{"taxonomy":"post_tag","embeddable":true,"href":"https:\/\/pelileo.gob.ec\/v3\/wp-json\/wp\/v2\/tags?post=1264"}],"curies":[{"name":"wp","href":"https:\/\/api.w.org\/{rel}","templated":true}]}}