{"id":1286,"date":"2021-08-02T16:22:42","date_gmt":"2021-08-02T21:22:42","guid":{"rendered":"https:\/\/pelileo.gob.ec\/portal\/?p=1286"},"modified":"2021-08-02T16:22:42","modified_gmt":"2021-08-02T21:22:42","slug":"pasarela-textil-y-artesanal-pelileo-2021","status":"publish","type":"post","link":"https:\/\/pelileo.gob.ec\/v3\/pasarela-textil-y-artesanal-pelileo-2021\/","title":{"rendered":"Pasarela Textil y Artesanal Pelileo 2021"},"content":{"rendered":"\n<p>La reactivaci\u00f3n econ\u00f3mica del cant\u00f3n se fortalece con actividades de impulso y apoyo al sector textil. <\/p>\n\n\n\n<p>Hoy los pelile\u00f1os disfrutaron de la \u00abPasarela Textil y Artesanal Pelileo 2021\u00bb en donde se manifestaron las \u00faltimas tendencias de moda provenientes de nuestros artesanos del jean. <\/p>\n\n\n\n<p>Propios y extra\u00f1os vivieron este acto conmemorativo que se desarroll\u00f3 como parte de las actividades por los 161 a\u00f1os de cantonizaci\u00f3n de Pelileo. <\/p>\n\n\n\n<p><a href=\"https:\/\/www.facebook.com\/hashtag\/puebloinquebrantable?__eep__=6&amp;__cft__[0]=AZUsXiRFJ4j2vEXOG5M2SSPRZ9tsdC7GGeaJgahLBP7pGK38icr_jyMTHBtYYGfsFptG_cGcAMUW9weTKuz6pr1BUsTGUL-WxoWOt0IKZ_8Iera3KcIqMdcuj6FtBDKC_2ui5vtMk9F0eCtR2ugxjM2M&amp;__tn__=*NK-R\">#PuebloInquebrantable<\/a><\/p>\n","protected":false},"excerpt":{"rendered":"<p>La reactivaci\u00f3n econ\u00f3mica del cant\u00f3n se fortalece con actividades de&hellip; <\/p>\n","protected":false},"author":1,"featured_media":1287,"comment_status":"closed","ping_status":"closed","sticky":false,"template":"","format":"standard","meta":{"footnotes":""},"categories":[9],"tags":[],"class_list":["post-1286","post","type-post","status-publish","format-standard","has-post-thumbnail","hentry","category-slider"],"_links":{"self":[{"href":"https:\/\/pelileo.gob.ec\/v3\/wp-json\/wp\/v2\/posts\/1286","targetHints":{"allow":["GET"]}}],"collection":[{"href":"https:\/\/pelileo.gob.ec\/v3\/wp-json\/wp\/v2\/posts"}],"about":[{"href":"https:\/\/pelileo.gob.ec\/v3\/wp-json\/wp\/v2\/types\/post"}],"author":[{"embeddable":true,"href":"https:\/\/pelileo.gob.ec\/v3\/wp-json\/wp\/v2\/users\/1"}],"replies":[{"embeddable":true,"href":"https:\/\/pelileo.gob.ec\/v3\/wp-json\/wp\/v2\/comments?post=1286"}],"version-history":[{"count":1,"href":"https:\/\/pelileo.gob.ec\/v3\/wp-json\/wp\/v2\/posts\/1286\/revisions"}],"predecessor-version":[{"id":1288,"href":"https:\/\/pelileo.gob.ec\/v3\/wp-json\/wp\/v2\/posts\/1286\/revisions\/1288"}],"wp:featuredmedia":[{"embeddable":true,"href":"https:\/\/pelileo.gob.ec\/v3\/wp-json\/wp\/v2\/media\/1287"}],"wp:attachment":[{"href":"https:\/\/pelileo.gob.ec\/v3\/wp-json\/wp\/v2\/media?parent=1286"}],"wp:term":[{"taxonomy":"category","embeddable":true,"href":"https:\/\/pelileo.gob.ec\/v3\/wp-json\/wp\/v2\/categories?post=1286"},{"taxonomy":"post_tag","embeddable":true,"href":"https:\/\/pelileo.gob.ec\/v3\/wp-json\/wp\/v2\/tags?post=1286"}],"curies":[{"name":"wp","href":"https:\/\/api.w.org\/{rel}","templated":true}]}}