{"id":1308,"date":"2021-08-13T14:36:19","date_gmt":"2021-08-13T19:36:19","guid":{"rendered":"https:\/\/pelileo.gob.ec\/portal\/?p=1308"},"modified":"2021-08-13T14:36:19","modified_gmt":"2021-08-13T19:36:19","slug":"entrega-de-los-premios-a-las-dignidades-del-evento-reina-de-pelileo-2021","status":"publish","type":"post","link":"https:\/\/pelileo.gob.ec\/v3\/entrega-de-los-premios-a-las-dignidades-del-evento-reina-de-pelileo-2021\/","title":{"rendered":"Entrega de los premios a las dignidades del evento Reina de Pelileo 2021"},"content":{"rendered":"\n<p>Engalanados por la belleza pelile\u00f1a se realiz\u00f3 la entrega de los premios a las dignidades del evento Reina de Pelileo 2021:<\/p>\n\n\n\n<p>Vanessa Medina, Reina del cant\u00f3n<\/p>\n\n\n\n<p>Anah\u00ed Manjarr\u00e9s, Virreina y <\/p>\n\n\n\n<p>Milka Paredes, Se\u00f1orita Simpat\u00eda; <\/p>\n\n\n\n<figure class=\"wp-block-image size-large\"><img fetchpriority=\"high\" decoding=\"async\" width=\"1024\" height=\"681\" src=\"https:\/\/pelileo.gob.ec\/portal\/wp-content\/uploads\/2021\/08\/premio-reina2-1024x681.jpg\" alt=\"\" class=\"wp-image-1310\" srcset=\"https:\/\/pelileo.gob.ec\/v3\/wp-content\/uploads\/2021\/08\/premio-reina2-1024x681.jpg 1024w, https:\/\/pelileo.gob.ec\/v3\/wp-content\/uploads\/2021\/08\/premio-reina2-300x199.jpg 300w, https:\/\/pelileo.gob.ec\/v3\/wp-content\/uploads\/2021\/08\/premio-reina2-768x510.jpg 768w, https:\/\/pelileo.gob.ec\/v3\/wp-content\/uploads\/2021\/08\/premio-reina2-1536x1021.jpg 1536w, https:\/\/pelileo.gob.ec\/v3\/wp-content\/uploads\/2021\/08\/premio-reina2.jpg 2048w\" sizes=\"(max-width: 1024px) 100vw, 1024px\" \/><\/figure>\n\n\n\n<p>Quienes recibieron de los patrocinadores varias sorpresas. &#8211; FODAY Autos- Sa\u00fade Medical Group- Andrea Pico Spa- Legion Cross Fit- Vanidades Peluquer\u00eda- Centro especialista en Fototratamientos &#8211; Cristale eventos.<\/p>\n\n\n\n<p>Leonardo Maroto, Alcalde del GADM de <a href=\"https:\/\/www.facebook.com\/hashtag\/pelileo?__eep__=6&amp;__cft__[0]=AZV3dY6idERXlN4hJOjxqUZ3QFucATVqAd_f3mYxv0jF8MIFPpXOgaOXMXhwVguODlJZ81-w-5ylBmJbTKlxS_b2ZinjjRkoQzBPAn_y2gKjaw-Tqgw8zR9pTLqnppZCKYrBolD_6DuVBS5-5MLNXIDN&amp;__tn__=*NK-R\">#Pelileo<\/a> agradeci\u00f3 el apoyo de los auspiciantes para la realizaci\u00f3n del certamen de belleza y resalt\u00f3 el trabajo conjunto en beneficio de la reactivaci\u00f3n econ\u00f3mica de la ciudad azul.<\/p>\n","protected":false},"excerpt":{"rendered":"<p>Engalanados por la belleza pelile\u00f1a se realiz\u00f3 la entrega de&hellip; <\/p>\n","protected":false},"author":1,"featured_media":1309,"comment_status":"closed","ping_status":"closed","sticky":false,"template":"","format":"standard","meta":{"footnotes":""},"categories":[9],"tags":[],"class_list":["post-1308","post","type-post","status-publish","format-standard","has-post-thumbnail","hentry","category-slider"],"_links":{"self":[{"href":"https:\/\/pelileo.gob.ec\/v3\/wp-json\/wp\/v2\/posts\/1308","targetHints":{"allow":["GET"]}}],"collection":[{"href":"https:\/\/pelileo.gob.ec\/v3\/wp-json\/wp\/v2\/posts"}],"about":[{"href":"https:\/\/pelileo.gob.ec\/v3\/wp-json\/wp\/v2\/types\/post"}],"author":[{"embeddable":true,"href":"https:\/\/pelileo.gob.ec\/v3\/wp-json\/wp\/v2\/users\/1"}],"replies":[{"embeddable":true,"href":"https:\/\/pelileo.gob.ec\/v3\/wp-json\/wp\/v2\/comments?post=1308"}],"version-history":[{"count":1,"href":"https:\/\/pelileo.gob.ec\/v3\/wp-json\/wp\/v2\/posts\/1308\/revisions"}],"predecessor-version":[{"id":1311,"href":"https:\/\/pelileo.gob.ec\/v3\/wp-json\/wp\/v2\/posts\/1308\/revisions\/1311"}],"wp:featuredmedia":[{"embeddable":true,"href":"https:\/\/pelileo.gob.ec\/v3\/wp-json\/wp\/v2\/media\/1309"}],"wp:attachment":[{"href":"https:\/\/pelileo.gob.ec\/v3\/wp-json\/wp\/v2\/media?parent=1308"}],"wp:term":[{"taxonomy":"category","embeddable":true,"href":"https:\/\/pelileo.gob.ec\/v3\/wp-json\/wp\/v2\/categories?post=1308"},{"taxonomy":"post_tag","embeddable":true,"href":"https:\/\/pelileo.gob.ec\/v3\/wp-json\/wp\/v2\/tags?post=1308"}],"curies":[{"name":"wp","href":"https:\/\/api.w.org\/{rel}","templated":true}]}}