{"id":1325,"date":"2021-08-25T16:16:49","date_gmt":"2021-08-25T21:16:49","guid":{"rendered":"https:\/\/pelileo.gob.ec\/portal\/?p=1325"},"modified":"2021-08-25T16:16:49","modified_gmt":"2021-08-25T21:16:49","slug":"cotalo-benitez-y-huambalo-ya-cuentan-con-aceras-y-bordillos-en-una-de-sus-vias-principales","status":"publish","type":"post","link":"https:\/\/pelileo.gob.ec\/v3\/cotalo-benitez-y-huambalo-ya-cuentan-con-aceras-y-bordillos-en-una-de-sus-vias-principales\/","title":{"rendered":"Cotal\u00f3, Ben\u00edtez y Huambal\u00f3 ya cuentan con aceras y bordillos en una de sus v\u00edas principales"},"content":{"rendered":"\n<p>Los habitantes de Cotal\u00f3, Ben\u00edtez y Huambal\u00f3 ya cuentan con aceras y bordillos en una de sus v\u00edas principales de cada parroquia, lo que permitir\u00e1 disminuir el riesgo de que sus habitantes sufran accidentes al caminar por la calzada.<\/p>\n\n\n\n<p>La articulaci\u00f3n del trabajo con los Gobierno parroquiales ha permitido la intervenci\u00f3n de la v\u00eda que conduce desde el centro parroquial hasta el estadio central de la parroquia <a href=\"https:\/\/www.facebook.com\/hashtag\/cotal%C3%B3?__eep__=6&amp;__cft__[0]=AZUv3qeRWdaYO25EE_6rFeco3NQgSN6v8TDd0BMw_fxdLsTKb7qmWqlHoS0NjuyobKzSbGvR05J4ox5NfWeITXRrdVy0ycKodPDiALUHhnpPHDn8C2k9pOFMCHKzjP4p8HY7iU6nOfB5oZ803PQaGhPU&amp;__tn__=*NK-R\">#Cotal\u00f3<\/a>, obra que adem\u00e1s cuenta con acometidas de alcantarillado y muros de contenci\u00f3n.<\/p>\n\n\n\n<p>De igual forma se realizaron estos trabajos en la calle Juan Montalvo de la parroquia <a href=\"https:\/\/www.facebook.com\/hashtag\/huambal%C3%B3?__eep__=6&amp;__cft__[0]=AZUv3qeRWdaYO25EE_6rFeco3NQgSN6v8TDd0BMw_fxdLsTKb7qmWqlHoS0NjuyobKzSbGvR05J4ox5NfWeITXRrdVy0ycKodPDiALUHhnpPHDn8C2k9pOFMCHKzjP4p8HY7iU6nOfB5oZ803PQaGhPU&amp;__tn__=*NK-R\">#Huambal\u00f3<\/a>, as\u00ed como en la calle Velasco Ibarra de la parroquia <a href=\"https:\/\/www.facebook.com\/hashtag\/ben%C3%ADtez?__eep__=6&amp;__cft__[0]=AZUv3qeRWdaYO25EE_6rFeco3NQgSN6v8TDd0BMw_fxdLsTKb7qmWqlHoS0NjuyobKzSbGvR05J4ox5NfWeITXRrdVy0ycKodPDiALUHhnpPHDn8C2k9pOFMCHKzjP4p8HY7iU6nOfB5oZ803PQaGhPU&amp;__tn__=*NK-R\">#Ben\u00edtez<\/a>, donde tambi\u00e9n se instalaron sumideros y las respectivas acometidas de alcantarillado.<\/p>\n","protected":false},"excerpt":{"rendered":"<p>Los habitantes de Cotal\u00f3, Ben\u00edtez y Huambal\u00f3 ya cuentan con&hellip; <\/p>\n","protected":false},"author":1,"featured_media":1326,"comment_status":"closed","ping_status":"closed","sticky":false,"template":"","format":"standard","meta":{"footnotes":""},"categories":[9],"tags":[],"class_list":["post-1325","post","type-post","status-publish","format-standard","has-post-thumbnail","hentry","category-slider"],"_links":{"self":[{"href":"https:\/\/pelileo.gob.ec\/v3\/wp-json\/wp\/v2\/posts\/1325","targetHints":{"allow":["GET"]}}],"collection":[{"href":"https:\/\/pelileo.gob.ec\/v3\/wp-json\/wp\/v2\/posts"}],"about":[{"href":"https:\/\/pelileo.gob.ec\/v3\/wp-json\/wp\/v2\/types\/post"}],"author":[{"embeddable":true,"href":"https:\/\/pelileo.gob.ec\/v3\/wp-json\/wp\/v2\/users\/1"}],"replies":[{"embeddable":true,"href":"https:\/\/pelileo.gob.ec\/v3\/wp-json\/wp\/v2\/comments?post=1325"}],"version-history":[{"count":1,"href":"https:\/\/pelileo.gob.ec\/v3\/wp-json\/wp\/v2\/posts\/1325\/revisions"}],"predecessor-version":[{"id":1327,"href":"https:\/\/pelileo.gob.ec\/v3\/wp-json\/wp\/v2\/posts\/1325\/revisions\/1327"}],"wp:featuredmedia":[{"embeddable":true,"href":"https:\/\/pelileo.gob.ec\/v3\/wp-json\/wp\/v2\/media\/1326"}],"wp:attachment":[{"href":"https:\/\/pelileo.gob.ec\/v3\/wp-json\/wp\/v2\/media?parent=1325"}],"wp:term":[{"taxonomy":"category","embeddable":true,"href":"https:\/\/pelileo.gob.ec\/v3\/wp-json\/wp\/v2\/categories?post=1325"},{"taxonomy":"post_tag","embeddable":true,"href":"https:\/\/pelileo.gob.ec\/v3\/wp-json\/wp\/v2\/tags?post=1325"}],"curies":[{"name":"wp","href":"https:\/\/api.w.org\/{rel}","templated":true}]}}