{"id":1338,"date":"2021-08-25T16:53:11","date_gmt":"2021-08-25T21:53:11","guid":{"rendered":"https:\/\/pelileo.gob.ec\/portal\/?p=1338"},"modified":"2021-08-25T16:53:11","modified_gmt":"2021-08-25T21:53:11","slug":"firma-del-convenio-marco-entre-la-municipalidad-de-pelileo-y-la-fundacion-protos-ec","status":"publish","type":"post","link":"https:\/\/pelileo.gob.ec\/v3\/firma-del-convenio-marco-entre-la-municipalidad-de-pelileo-y-la-fundacion-protos-ec\/","title":{"rendered":"Firma del convenio marco entre la Municipalidad de Pelileo y la Fundaci\u00f3n PROTOS EC"},"content":{"rendered":"\n<p>La gesti\u00f3n social y equitativa del agua en las comunidades del cant\u00f3n se fortalece con la firma del convenio marco entre la Municipalidad de <a href=\"https:\/\/www.facebook.com\/hashtag\/pelileo?__eep__=6&amp;__cft__[0]=AZUjPVeqw0jn2tW8vwNWQ7oE0iKg1qqZJIOhqn4XhzKrK40c60WTiR48HIejn4pBbtgJ2EadITO_x38IUSy-vK2c83feizuhHTrSfCz1CiW5TLvGREog94PDJ6_65algwKABlsgcmqk76Xc3ev_XbP_S&amp;__tn__=*NK-R\">#Pelileo<\/a> y la Fundaci\u00f3n PROTOS EC, con el cual se genera la participaci\u00f3n activa de las instituciones en la ejecuci\u00f3n de proyectos de aporte ambiental, mejora en la calidad del l\u00edquido vital y su preservaci\u00f3n.<\/p>\n","protected":false},"excerpt":{"rendered":"<p>La gesti\u00f3n social y equitativa del agua en las comunidades&hellip; <\/p>\n","protected":false},"author":1,"featured_media":1339,"comment_status":"closed","ping_status":"closed","sticky":false,"template":"","format":"standard","meta":{"footnotes":""},"categories":[9],"tags":[],"class_list":["post-1338","post","type-post","status-publish","format-standard","has-post-thumbnail","hentry","category-slider"],"_links":{"self":[{"href":"https:\/\/pelileo.gob.ec\/v3\/wp-json\/wp\/v2\/posts\/1338","targetHints":{"allow":["GET"]}}],"collection":[{"href":"https:\/\/pelileo.gob.ec\/v3\/wp-json\/wp\/v2\/posts"}],"about":[{"href":"https:\/\/pelileo.gob.ec\/v3\/wp-json\/wp\/v2\/types\/post"}],"author":[{"embeddable":true,"href":"https:\/\/pelileo.gob.ec\/v3\/wp-json\/wp\/v2\/users\/1"}],"replies":[{"embeddable":true,"href":"https:\/\/pelileo.gob.ec\/v3\/wp-json\/wp\/v2\/comments?post=1338"}],"version-history":[{"count":1,"href":"https:\/\/pelileo.gob.ec\/v3\/wp-json\/wp\/v2\/posts\/1338\/revisions"}],"predecessor-version":[{"id":1340,"href":"https:\/\/pelileo.gob.ec\/v3\/wp-json\/wp\/v2\/posts\/1338\/revisions\/1340"}],"wp:featuredmedia":[{"embeddable":true,"href":"https:\/\/pelileo.gob.ec\/v3\/wp-json\/wp\/v2\/media\/1339"}],"wp:attachment":[{"href":"https:\/\/pelileo.gob.ec\/v3\/wp-json\/wp\/v2\/media?parent=1338"}],"wp:term":[{"taxonomy":"category","embeddable":true,"href":"https:\/\/pelileo.gob.ec\/v3\/wp-json\/wp\/v2\/categories?post=1338"},{"taxonomy":"post_tag","embeddable":true,"href":"https:\/\/pelileo.gob.ec\/v3\/wp-json\/wp\/v2\/tags?post=1338"}],"curies":[{"name":"wp","href":"https:\/\/api.w.org\/{rel}","templated":true}]}}