{"id":1351,"date":"2021-09-07T11:57:35","date_gmt":"2021-09-07T16:57:35","guid":{"rendered":"https:\/\/pelileo.gob.ec\/portal\/?p=1351"},"modified":"2021-09-07T11:57:35","modified_gmt":"2021-09-07T16:57:35","slug":"teligote-se-constituye-la-segunda-area-de-proteccion-hidrica-en-pelileo","status":"publish","type":"post","link":"https:\/\/pelileo.gob.ec\/v3\/teligote-se-constituye-la-segunda-area-de-proteccion-hidrica-en-pelileo\/","title":{"rendered":"Teligote se constituye la segunda \u00c1rea de Protecci\u00f3n H\u00eddrica en Pelileo"},"content":{"rendered":"\n<p>Fortaleciendo el deber de conservar los p\u00e1ramos como medio para mantener y preservar el agua; en la comunidad de <a href=\"https:\/\/www.facebook.com\/hashtag\/teligote?__eep__=6&amp;__cft__[0]=AZXSMJwV_EyEDjSpmKj1d9h056dzUu6xc4ixCJP9Fucz6xp3G8xRhzImsNHhGezux0kyWgelIf-yY2HzalLTtkPneuurq7p0GAVs0u1grzquLpFTmsPRAncvfQx8U7A8iytJnbQtrr-3ZH5FyuIAJmT5&amp;__tn__=*NK-R\">Teligote<\/a> se llev\u00f3 a cabo la declaratoria de Establecimiento de \u00c1rea de Protecci\u00f3n H\u00eddrica (APH) a los p\u00e1ramos comunales que permitir\u00e1 garantizar este l\u00edquido vital a las actuales y futuras generaciones.Gustavo Manrique, Ministro de Ambiente, Agua y Transici\u00f3n Ecol\u00f3gica, entreg\u00f3 el documento en manos del Alcalde Leonardo Maroto y el Presidente de la Comunidad Mauricio Ramos, recomendando su protecci\u00f3n y cuidado, ya que constituye parte fundamental para la vida. <\/p>\n\n\n\n<p>El Alcalde Leonardo Maroto record\u00f3 que al asumir sus funciones, una de las prioridades fue la conservaci\u00f3n de las fuentes de agua y los p\u00e1ramos, por ello estableci\u00f3 las gestiones necesarias ante el Ministerio del Ambiente para obtener esta declaratoria, por ello, Teligote se constituye la segunda \u00c1rea de Protecci\u00f3n H\u00eddrica en Pelileo, lo que demuestra el compromiso de la administraci\u00f3n municipal para el cuidado del ambiente, destac\u00f3.<\/p>\n","protected":false},"excerpt":{"rendered":"<p>Fortaleciendo el deber de conservar los p\u00e1ramos como medio para&hellip; <\/p>\n","protected":false},"author":1,"featured_media":1352,"comment_status":"closed","ping_status":"closed","sticky":false,"template":"","format":"standard","meta":{"footnotes":""},"categories":[9],"tags":[],"class_list":["post-1351","post","type-post","status-publish","format-standard","has-post-thumbnail","hentry","category-slider"],"_links":{"self":[{"href":"https:\/\/pelileo.gob.ec\/v3\/wp-json\/wp\/v2\/posts\/1351","targetHints":{"allow":["GET"]}}],"collection":[{"href":"https:\/\/pelileo.gob.ec\/v3\/wp-json\/wp\/v2\/posts"}],"about":[{"href":"https:\/\/pelileo.gob.ec\/v3\/wp-json\/wp\/v2\/types\/post"}],"author":[{"embeddable":true,"href":"https:\/\/pelileo.gob.ec\/v3\/wp-json\/wp\/v2\/users\/1"}],"replies":[{"embeddable":true,"href":"https:\/\/pelileo.gob.ec\/v3\/wp-json\/wp\/v2\/comments?post=1351"}],"version-history":[{"count":1,"href":"https:\/\/pelileo.gob.ec\/v3\/wp-json\/wp\/v2\/posts\/1351\/revisions"}],"predecessor-version":[{"id":1353,"href":"https:\/\/pelileo.gob.ec\/v3\/wp-json\/wp\/v2\/posts\/1351\/revisions\/1353"}],"wp:featuredmedia":[{"embeddable":true,"href":"https:\/\/pelileo.gob.ec\/v3\/wp-json\/wp\/v2\/media\/1352"}],"wp:attachment":[{"href":"https:\/\/pelileo.gob.ec\/v3\/wp-json\/wp\/v2\/media?parent=1351"}],"wp:term":[{"taxonomy":"category","embeddable":true,"href":"https:\/\/pelileo.gob.ec\/v3\/wp-json\/wp\/v2\/categories?post=1351"},{"taxonomy":"post_tag","embeddable":true,"href":"https:\/\/pelileo.gob.ec\/v3\/wp-json\/wp\/v2\/tags?post=1351"}],"curies":[{"name":"wp","href":"https:\/\/api.w.org\/{rel}","templated":true}]}}