{"id":1357,"date":"2021-09-07T13:24:05","date_gmt":"2021-09-07T18:24:05","guid":{"rendered":"https:\/\/pelileo.gob.ec\/portal\/?p=1357"},"modified":"2021-09-07T13:24:05","modified_gmt":"2021-09-07T18:24:05","slug":"instituciones-educativas-del-canton-reciben-murales-con-los-simbolos-cantonales-bandera-escudo-e-himno-cantonal","status":"publish","type":"post","link":"https:\/\/pelileo.gob.ec\/v3\/instituciones-educativas-del-canton-reciben-murales-con-los-simbolos-cantonales-bandera-escudo-e-himno-cantonal\/","title":{"rendered":"Instituciones educativas del cant\u00f3n reciben murales con los s\u00edmbolos cantonales (bandera, escudo e himno cantonal)"},"content":{"rendered":"\n<p>Con el objetivo de fortalecer los valores c\u00edvicos en los estudiantes y la ciudadan\u00eda del cant\u00f3n <a href=\"https:\/\/www.facebook.com\/hashtag\/pelileo?__eep__=6&amp;__cft__[0]=AZV_ZdKfJyxESY6JCBlHQrzmS3Kl9IGis_e8slbvuuU_40YA1pNrIf6mHlEA5bGDjsdnsI5vmxwW1lJw3xzFqkk5qJqI6LScHJktWlskVLNjbUF8LU2RpeQJSv0BAhXr5Q2piyOJk9EFnHehw1cT_JUt&amp;__tn__=*NK-R\">#Pelileo<\/a>, la Concejal Elena Masaquiza entreg\u00f3 oficialmente a las autoridades de las instituciones educativas del cant\u00f3n los murales con los s\u00edmbolos cantonales (bandera, escudo e himno cantonal) que fueron pintados en lugares visibles de los establecimientos educativos.<\/p>\n\n\n\n<p>Para cumplir el objetivo, este trabajo se realiz\u00f3 en todas las instituciones educativas tanto de sostenimiento fiscal, fiscomisional y particular de manera coordinada con el Distrito de <a href=\"https:\/\/www.facebook.com\/hashtag\/educaci%C3%B3n?__eep__=6&amp;__cft__[0]=AZV_ZdKfJyxESY6JCBlHQrzmS3Kl9IGis_e8slbvuuU_40YA1pNrIf6mHlEA5bGDjsdnsI5vmxwW1lJw3xzFqkk5qJqI6LScHJktWlskVLNjbUF8LU2RpeQJSv0BAhXr5Q2piyOJk9EFnHehw1cT_JUt&amp;__tn__=*NK-R\">#Educaci\u00f3n<\/a> 18D04 Patate- Pelileo, sugiriendo que al retomar las actividades educativas presenciales, sirva de material did\u00e1ctico para que los estudiantes conozcan los elementos, colores y significado de nuestros s\u00edmbolos.<\/p>\n\n\n\n<p>Este trabajo llevar\u00e1 a la pr\u00e1ctica la Ordenanza que regula la utilizaci\u00f3n y difusi\u00f3n de los s\u00edmbolos del cant\u00f3n San Pedro de Pelileo que fuera aprobada por el Pleno del Concejo Municipal en el mes de abril del a\u00f1o 2020, mediante la cual se regula su uso y difusi\u00f3n. <\/p>\n\n\n\n<p>Finalmente entreg\u00f3 un CD con material audiovisual con la letra y m\u00fasica del himno cantonal para que sea difundido en los minutos c\u00edvicos y eventos de las unidades educativas.<\/p>\n","protected":false},"excerpt":{"rendered":"<p>Con el objetivo de fortalecer los valores c\u00edvicos en los&hellip; <\/p>\n","protected":false},"author":1,"featured_media":1358,"comment_status":"closed","ping_status":"closed","sticky":false,"template":"","format":"standard","meta":{"footnotes":""},"categories":[9],"tags":[],"class_list":["post-1357","post","type-post","status-publish","format-standard","has-post-thumbnail","hentry","category-slider"],"_links":{"self":[{"href":"https:\/\/pelileo.gob.ec\/v3\/wp-json\/wp\/v2\/posts\/1357","targetHints":{"allow":["GET"]}}],"collection":[{"href":"https:\/\/pelileo.gob.ec\/v3\/wp-json\/wp\/v2\/posts"}],"about":[{"href":"https:\/\/pelileo.gob.ec\/v3\/wp-json\/wp\/v2\/types\/post"}],"author":[{"embeddable":true,"href":"https:\/\/pelileo.gob.ec\/v3\/wp-json\/wp\/v2\/users\/1"}],"replies":[{"embeddable":true,"href":"https:\/\/pelileo.gob.ec\/v3\/wp-json\/wp\/v2\/comments?post=1357"}],"version-history":[{"count":1,"href":"https:\/\/pelileo.gob.ec\/v3\/wp-json\/wp\/v2\/posts\/1357\/revisions"}],"predecessor-version":[{"id":1359,"href":"https:\/\/pelileo.gob.ec\/v3\/wp-json\/wp\/v2\/posts\/1357\/revisions\/1359"}],"wp:featuredmedia":[{"embeddable":true,"href":"https:\/\/pelileo.gob.ec\/v3\/wp-json\/wp\/v2\/media\/1358"}],"wp:attachment":[{"href":"https:\/\/pelileo.gob.ec\/v3\/wp-json\/wp\/v2\/media?parent=1357"}],"wp:term":[{"taxonomy":"category","embeddable":true,"href":"https:\/\/pelileo.gob.ec\/v3\/wp-json\/wp\/v2\/categories?post=1357"},{"taxonomy":"post_tag","embeddable":true,"href":"https:\/\/pelileo.gob.ec\/v3\/wp-json\/wp\/v2\/tags?post=1357"}],"curies":[{"name":"wp","href":"https:\/\/api.w.org\/{rel}","templated":true}]}}