{"id":1360,"date":"2021-09-07T14:23:01","date_gmt":"2021-09-07T19:23:01","guid":{"rendered":"https:\/\/pelileo.gob.ec\/portal\/?p=1360"},"modified":"2021-09-07T14:23:01","modified_gmt":"2021-09-07T19:23:01","slug":"ciclo-paseo-familiar-nocturno-pedaleando-juntos-por-pelileo","status":"publish","type":"post","link":"https:\/\/pelileo.gob.ec\/v3\/ciclo-paseo-familiar-nocturno-pedaleando-juntos-por-pelileo\/","title":{"rendered":"Ciclo paseo familiar nocturno Pedaleando Juntos por Pelileo"},"content":{"rendered":"\n<p>La alegr\u00eda y entusiasmo se tomaron las v\u00edas de nuestro cant\u00f3n, con la presencia de alrededor de un centenar de deportistas que disfrutaron del ciclo paseo familiar nocturno <a href=\"https:\/\/www.facebook.com\/hashtag\/pedaleandojuntosporpelileo?__eep__=6&amp;__cft__[0]=AZX5iFPy04zj6dS7HCPklEw91suRUuLJtdSXMjMBv6k8ItwAXxENZNnEqGKoUVEsThKKG3x0JoimcKf4neKq8rmnhY5RctuyuxBGLWRp4CNCUrHzFzx_8UuNxEIoWiCHU9yLNXAC0Sss8IfMYMl4O2_I&amp;__tn__=*NK-R\">#PedaleandoJuntosPorPelileo<\/a>, actividad que motiva a ni\u00f1os, j\u00f3venes y adultos a crear h\u00e1bitos de vida saludable. <\/p>\n\n\n\n<p>El trayecto cicl\u00edstico recorri\u00f3 imponentes zonas de <a href=\"https:\/\/www.facebook.com\/hashtag\/pelileo?__eep__=6&amp;__cft__[0]=AZX5iFPy04zj6dS7HCPklEw91suRUuLJtdSXMjMBv6k8ItwAXxENZNnEqGKoUVEsThKKG3x0JoimcKf4neKq8rmnhY5RctuyuxBGLWRp4CNCUrHzFzx_8UuNxEIoWiCHU9yLNXAC0Sss8IfMYMl4O2_I&amp;__tn__=*NK-R\">#Pelileo<\/a> desde donde se pudo apreciar la belleza y el encanto del ambiente nocturno de nuestra ciudad, generando el espacio ideal para que vecinos y amigos fortalezcan los lazos de fraternidad. Esta actividad se cumplir\u00e1 todos los d\u00edas jueves a partir de las 19h00. <\/p>\n\n\n\n<p>El Alcalde Leonardo Maroto, record\u00f3 que el GAD Municipal del Cant\u00f3n San Pedro de Pelileo, fomenta la pr\u00e1ctica deportiva de manera responsable, tomando en cuenta todas las medidas de bioseguridad con el \u00fanico objetivo de generar el bienestar de los pelile\u00f1os.<\/p>\n","protected":false},"excerpt":{"rendered":"<p>La alegr\u00eda y entusiasmo se tomaron las v\u00edas de nuestro&hellip; <\/p>\n","protected":false},"author":1,"featured_media":1361,"comment_status":"closed","ping_status":"closed","sticky":false,"template":"","format":"standard","meta":{"footnotes":""},"categories":[9],"tags":[],"class_list":["post-1360","post","type-post","status-publish","format-standard","has-post-thumbnail","hentry","category-slider"],"_links":{"self":[{"href":"https:\/\/pelileo.gob.ec\/v3\/wp-json\/wp\/v2\/posts\/1360","targetHints":{"allow":["GET"]}}],"collection":[{"href":"https:\/\/pelileo.gob.ec\/v3\/wp-json\/wp\/v2\/posts"}],"about":[{"href":"https:\/\/pelileo.gob.ec\/v3\/wp-json\/wp\/v2\/types\/post"}],"author":[{"embeddable":true,"href":"https:\/\/pelileo.gob.ec\/v3\/wp-json\/wp\/v2\/users\/1"}],"replies":[{"embeddable":true,"href":"https:\/\/pelileo.gob.ec\/v3\/wp-json\/wp\/v2\/comments?post=1360"}],"version-history":[{"count":1,"href":"https:\/\/pelileo.gob.ec\/v3\/wp-json\/wp\/v2\/posts\/1360\/revisions"}],"predecessor-version":[{"id":1362,"href":"https:\/\/pelileo.gob.ec\/v3\/wp-json\/wp\/v2\/posts\/1360\/revisions\/1362"}],"wp:featuredmedia":[{"embeddable":true,"href":"https:\/\/pelileo.gob.ec\/v3\/wp-json\/wp\/v2\/media\/1361"}],"wp:attachment":[{"href":"https:\/\/pelileo.gob.ec\/v3\/wp-json\/wp\/v2\/media?parent=1360"}],"wp:term":[{"taxonomy":"category","embeddable":true,"href":"https:\/\/pelileo.gob.ec\/v3\/wp-json\/wp\/v2\/categories?post=1360"},{"taxonomy":"post_tag","embeddable":true,"href":"https:\/\/pelileo.gob.ec\/v3\/wp-json\/wp\/v2\/tags?post=1360"}],"curies":[{"name":"wp","href":"https:\/\/api.w.org\/{rel}","templated":true}]}}