{"id":1398,"date":"2021-09-17T10:51:31","date_gmt":"2021-09-17T15:51:31","guid":{"rendered":"https:\/\/pelileo.gob.ec\/portal\/?p=1398"},"modified":"2021-09-17T10:51:31","modified_gmt":"2021-09-17T15:51:31","slug":"fortaleciendo-el-trabajo-y-el-cuidado-del-agricultor","status":"publish","type":"post","link":"https:\/\/pelileo.gob.ec\/v3\/fortaleciendo-el-trabajo-y-el-cuidado-del-agricultor\/","title":{"rendered":"Fortaleciendo el trabajo y el cuidado del agricultor"},"content":{"rendered":"\n<p>La Direcci\u00f3n de Desarrollo de la Comunidad, en coordinaci\u00f3n con el \u00c1rea de Econom\u00eda Popular y Solidaria empez\u00f3 diferentes capacitaciones y actividades con asociaciones del Cant\u00f3n.El objetivo de estos eventos es dar a conocer la Junta Cantonal y sus funciones, como protecci\u00f3n para las personas, as\u00ed tambi\u00e9n se facilita tips para el cuidado del Medio Ambiente y mejorar el entorno del agricultor.<\/p>\n\n\n\n<p><a href=\"https:\/\/www.facebook.com\/hashtag\/estoespelileo?__eep__=6&amp;__cft__[0]=AZUl3xfNQj242ivydphzL4NIFSKBr3OeamP4TuNncFEr1i4-sV5-E6LuhMUufohF4wCiCH4PO211wKC6HoKc_7sGlBFZh9XkvXp5oSTDpUhIJHP7A17IeUGH1jsyjz34FY5Mj7mA9Ze3DFeXhdUH2o6bzKr6MGcLrFrnsQ9RMj_hcQ&amp;__tn__=*NK-R\">#EstoEsPelileo <\/a><a href=\"https:\/\/www.facebook.com\/hashtag\/juntossomospelileo?__eep__=6&amp;__cft__[0]=AZUl3xfNQj242ivydphzL4NIFSKBr3OeamP4TuNncFEr1i4-sV5-E6LuhMUufohF4wCiCH4PO211wKC6HoKc_7sGlBFZh9XkvXp5oSTDpUhIJHP7A17IeUGH1jsyjz34FY5Mj7mA9Ze3DFeXhdUH2o6bzKr6MGcLrFrnsQ9RMj_hcQ&amp;__tn__=*NK-R\">#JuntosSomosPELILEO<\/a><a href=\"https:\/\/www.facebook.com\/hashtag\/puebloinquebrantable?__eep__=6&amp;__cft__[0]=AZUl3xfNQj242ivydphzL4NIFSKBr3OeamP4TuNncFEr1i4-sV5-E6LuhMUufohF4wCiCH4PO211wKC6HoKc_7sGlBFZh9XkvXp5oSTDpUhIJHP7A17IeUGH1jsyjz34FY5Mj7mA9Ze3DFeXhdUH2o6bzKr6MGcLrFrnsQ9RMj_hcQ&amp;__tn__=*NK-R\"> #puebloinquebrantable<\/a><a href=\"https:\/\/www.facebook.com\/hashtag\/vivepelileo?__eep__=6&amp;__cft__[0]=AZUl3xfNQj242ivydphzL4NIFSKBr3OeamP4TuNncFEr1i4-sV5-E6LuhMUufohF4wCiCH4PO211wKC6HoKc_7sGlBFZh9XkvXp5oSTDpUhIJHP7A17IeUGH1jsyjz34FY5Mj7mA9Ze3DFeXhdUH2o6bzKr6MGcLrFrnsQ9RMj_hcQ&amp;__tn__=*NK-R\"> <\/a><a href=\"https:\/\/www.facebook.com\/hashtag\/vivepelileo?__eep__=6&amp;__cft__[0]=AZUl3xfNQj242ivydphzL4NIFSKBr3OeamP4TuNncFEr1i4-sV5-E6LuhMUufohF4wCiCH4PO211wKC6HoKc_7sGlBFZh9XkvXp5oSTDpUhIJHP7A17IeUGH1jsyjz34FY5Mj7mA9Ze3DFeXhdUH2o6bzKr6MGcLrFrnsQ9RMj_hcQ&amp;__tn__=*NK-R\">#vivepelileo<\/a><\/p>\n","protected":false},"excerpt":{"rendered":"<p>La Direcci\u00f3n de Desarrollo de la Comunidad, en coordinaci\u00f3n con&hellip; <\/p>\n","protected":false},"author":4,"featured_media":1399,"comment_status":"closed","ping_status":"closed","sticky":false,"template":"","format":"standard","meta":{"footnotes":""},"categories":[2],"tags":[],"class_list":["post-1398","post","type-post","status-publish","format-standard","has-post-thumbnail","hentry","category-business"],"_links":{"self":[{"href":"https:\/\/pelileo.gob.ec\/v3\/wp-json\/wp\/v2\/posts\/1398","targetHints":{"allow":["GET"]}}],"collection":[{"href":"https:\/\/pelileo.gob.ec\/v3\/wp-json\/wp\/v2\/posts"}],"about":[{"href":"https:\/\/pelileo.gob.ec\/v3\/wp-json\/wp\/v2\/types\/post"}],"author":[{"embeddable":true,"href":"https:\/\/pelileo.gob.ec\/v3\/wp-json\/wp\/v2\/users\/4"}],"replies":[{"embeddable":true,"href":"https:\/\/pelileo.gob.ec\/v3\/wp-json\/wp\/v2\/comments?post=1398"}],"version-history":[{"count":1,"href":"https:\/\/pelileo.gob.ec\/v3\/wp-json\/wp\/v2\/posts\/1398\/revisions"}],"predecessor-version":[{"id":1400,"href":"https:\/\/pelileo.gob.ec\/v3\/wp-json\/wp\/v2\/posts\/1398\/revisions\/1400"}],"wp:featuredmedia":[{"embeddable":true,"href":"https:\/\/pelileo.gob.ec\/v3\/wp-json\/wp\/v2\/media\/1399"}],"wp:attachment":[{"href":"https:\/\/pelileo.gob.ec\/v3\/wp-json\/wp\/v2\/media?parent=1398"}],"wp:term":[{"taxonomy":"category","embeddable":true,"href":"https:\/\/pelileo.gob.ec\/v3\/wp-json\/wp\/v2\/categories?post=1398"},{"taxonomy":"post_tag","embeddable":true,"href":"https:\/\/pelileo.gob.ec\/v3\/wp-json\/wp\/v2\/tags?post=1398"}],"curies":[{"name":"wp","href":"https:\/\/api.w.org\/{rel}","templated":true}]}}