{"id":1424,"date":"2021-10-15T12:01:46","date_gmt":"2021-10-15T17:01:46","guid":{"rendered":"https:\/\/pelileo.gob.ec\/portal\/?p=1424"},"modified":"2021-10-15T12:01:46","modified_gmt":"2021-10-15T17:01:46","slug":"mantenimiento-de-la-linea-de-conduccion-desde-apatug-hasta-la-planta-de-tratamiento-ubicada-en-teligote","status":"publish","type":"post","link":"https:\/\/pelileo.gob.ec\/v3\/mantenimiento-de-la-linea-de-conduccion-desde-apatug-hasta-la-planta-de-tratamiento-ubicada-en-teligote\/","title":{"rendered":"Mantenimiento de la l\u00ednea de conducci\u00f3n desde Apatug hasta la Planta de Tratamiento ubicada en Teligote"},"content":{"rendered":"\n<p>Para mantener en \u00f3ptimas condiciones la operaci\u00f3n del sistema de agua potable del Proyecto <a href=\"https:\/\/www.facebook.com\/hashtag\/chiquiurcu?__eep__=6&amp;__cft__[0]=AZVL9iKeXxhCatSHLRObsYaWzGS67CDdc6un0I-tRNneqHE7v7Ds3R6UIKi8MLCYe2EkdG-FqmImgGRhNX4n_AzeZa2RAR8NMpGxiP304iJXmy0fo46XY4F75DIkyyX3e8nlHwvpghHyQdRxh_ZzQf1n&amp;__tn__=*NK-R\">#Chiquiurcu<\/a>, la administraci\u00f3n municipal liderada por nuestro Alcalde Leonardo Maroto, lleva adelante el mantenimiento de la l\u00ednea de conducci\u00f3n desde Apatug hasta la Planta de Tratamiento ubicada en <a href=\"https:\/\/www.facebook.com\/hashtag\/teligote?__eep__=6&amp;__cft__[0]=AZVL9iKeXxhCatSHLRObsYaWzGS67CDdc6un0I-tRNneqHE7v7Ds3R6UIKi8MLCYe2EkdG-FqmImgGRhNX4n_AzeZa2RAR8NMpGxiP304iJXmy0fo46XY4F75DIkyyX3e8nlHwvpghHyQdRxh_ZzQf1n&amp;__tn__=*NK-R\">#Teligote<\/a>, con una extensi\u00f3n de 20 kil\u00f3metros.<\/p>\n\n\n\n<p>Este trabajo permitir\u00e1 un funcionamiento adecuado del sistema y prolongar la vida \u00fatil de accesorios electromec\u00e1nicos, tuber\u00eda de conducci\u00f3n, v\u00e1lvulas de aire, v\u00e1lvulas de cuchilla de desag\u00fce, tableros el\u00e9ctricos y efectuar un mantenimiento de sensores del sistema de control y monitoreo inteligente \u201cScada\u201d.<\/p>\n\n\n\n<p>Este es un mantenimiento preventivo y correctivo que se lo realiza de manera anual para determinar desgaste o deterioro en el sistema que pudiera ocasionar desperfectos y un posible desabastecimiento del l\u00edquido vital en nuestro cant\u00f3n, explic\u00f3 Jorge S\u00e1nchez, Director del Departamento de Agua Potable y Alcantarillado de la municipalidad.<\/p>\n","protected":false},"excerpt":{"rendered":"<p>Para mantener en \u00f3ptimas condiciones la operaci\u00f3n del sistema de&hellip; <\/p>\n","protected":false},"author":1,"featured_media":1425,"comment_status":"closed","ping_status":"closed","sticky":false,"template":"","format":"standard","meta":{"footnotes":""},"categories":[9],"tags":[],"class_list":["post-1424","post","type-post","status-publish","format-standard","has-post-thumbnail","hentry","category-slider"],"_links":{"self":[{"href":"https:\/\/pelileo.gob.ec\/v3\/wp-json\/wp\/v2\/posts\/1424","targetHints":{"allow":["GET"]}}],"collection":[{"href":"https:\/\/pelileo.gob.ec\/v3\/wp-json\/wp\/v2\/posts"}],"about":[{"href":"https:\/\/pelileo.gob.ec\/v3\/wp-json\/wp\/v2\/types\/post"}],"author":[{"embeddable":true,"href":"https:\/\/pelileo.gob.ec\/v3\/wp-json\/wp\/v2\/users\/1"}],"replies":[{"embeddable":true,"href":"https:\/\/pelileo.gob.ec\/v3\/wp-json\/wp\/v2\/comments?post=1424"}],"version-history":[{"count":1,"href":"https:\/\/pelileo.gob.ec\/v3\/wp-json\/wp\/v2\/posts\/1424\/revisions"}],"predecessor-version":[{"id":1426,"href":"https:\/\/pelileo.gob.ec\/v3\/wp-json\/wp\/v2\/posts\/1424\/revisions\/1426"}],"wp:featuredmedia":[{"embeddable":true,"href":"https:\/\/pelileo.gob.ec\/v3\/wp-json\/wp\/v2\/media\/1425"}],"wp:attachment":[{"href":"https:\/\/pelileo.gob.ec\/v3\/wp-json\/wp\/v2\/media?parent=1424"}],"wp:term":[{"taxonomy":"category","embeddable":true,"href":"https:\/\/pelileo.gob.ec\/v3\/wp-json\/wp\/v2\/categories?post=1424"},{"taxonomy":"post_tag","embeddable":true,"href":"https:\/\/pelileo.gob.ec\/v3\/wp-json\/wp\/v2\/tags?post=1424"}],"curies":[{"name":"wp","href":"https:\/\/api.w.org\/{rel}","templated":true}]}}