{"id":1427,"date":"2021-10-15T12:04:11","date_gmt":"2021-10-15T17:04:11","guid":{"rendered":"https:\/\/pelileo.gob.ec\/portal\/?p=1427"},"modified":"2021-10-15T12:04:11","modified_gmt":"2021-10-15T17:04:11","slug":"socializacion-sobre-el-eje-vial-de-la-prolongacion-de-la-calle-padre-jorge-chacon-por-la-parte-alta-de-dicho-barrio","status":"publish","type":"post","link":"https:\/\/pelileo.gob.ec\/v3\/socializacion-sobre-el-eje-vial-de-la-prolongacion-de-la-calle-padre-jorge-chacon-por-la-parte-alta-de-dicho-barrio\/","title":{"rendered":"Socializaci\u00f3n sobre el eje vial de la prolongaci\u00f3n de la calle Padre Jorge Chac\u00f3n por la parte alta de dicho barrio"},"content":{"rendered":"\n<p>Moradores y directivos del barrio El Tambo, recorrieron junto al Alcalde Leonardo Maroto, Concejal Carlos Morales y t\u00e9cnicos de Planificaci\u00f3n y Obras P\u00fablicas para fortalecer el proceso de socializaci\u00f3n sobre el eje vial de la prolongaci\u00f3n de la calle Padre Jorge Chac\u00f3n por la parte alta de dicho barrio. <\/p>\n\n\n\n<p>De igual forma se recorrieron las v\u00edas y espacios que est\u00e1n consideradas dentro de la planificaci\u00f3n municipal para su intervenci\u00f3n mediante la limpieza y recuperaci\u00f3n en los pr\u00f3ximos d\u00edas, ya que el principal objetivo de la administraci\u00f3n municipal es trabajar por el bienestar de todos los pelile\u00f1os.<\/p>\n","protected":false},"excerpt":{"rendered":"<p>Moradores y directivos del barrio El Tambo, recorrieron junto al&hellip; <\/p>\n","protected":false},"author":1,"featured_media":1428,"comment_status":"closed","ping_status":"closed","sticky":false,"template":"","format":"standard","meta":{"footnotes":""},"categories":[9],"tags":[],"class_list":["post-1427","post","type-post","status-publish","format-standard","has-post-thumbnail","hentry","category-slider"],"_links":{"self":[{"href":"https:\/\/pelileo.gob.ec\/v3\/wp-json\/wp\/v2\/posts\/1427","targetHints":{"allow":["GET"]}}],"collection":[{"href":"https:\/\/pelileo.gob.ec\/v3\/wp-json\/wp\/v2\/posts"}],"about":[{"href":"https:\/\/pelileo.gob.ec\/v3\/wp-json\/wp\/v2\/types\/post"}],"author":[{"embeddable":true,"href":"https:\/\/pelileo.gob.ec\/v3\/wp-json\/wp\/v2\/users\/1"}],"replies":[{"embeddable":true,"href":"https:\/\/pelileo.gob.ec\/v3\/wp-json\/wp\/v2\/comments?post=1427"}],"version-history":[{"count":1,"href":"https:\/\/pelileo.gob.ec\/v3\/wp-json\/wp\/v2\/posts\/1427\/revisions"}],"predecessor-version":[{"id":1429,"href":"https:\/\/pelileo.gob.ec\/v3\/wp-json\/wp\/v2\/posts\/1427\/revisions\/1429"}],"wp:featuredmedia":[{"embeddable":true,"href":"https:\/\/pelileo.gob.ec\/v3\/wp-json\/wp\/v2\/media\/1428"}],"wp:attachment":[{"href":"https:\/\/pelileo.gob.ec\/v3\/wp-json\/wp\/v2\/media?parent=1427"}],"wp:term":[{"taxonomy":"category","embeddable":true,"href":"https:\/\/pelileo.gob.ec\/v3\/wp-json\/wp\/v2\/categories?post=1427"},{"taxonomy":"post_tag","embeddable":true,"href":"https:\/\/pelileo.gob.ec\/v3\/wp-json\/wp\/v2\/tags?post=1427"}],"curies":[{"name":"wp","href":"https:\/\/api.w.org\/{rel}","templated":true}]}}