{"id":1477,"date":"2022-01-02T12:40:56","date_gmt":"2022-01-02T17:40:56","guid":{"rendered":"https:\/\/pelileo.gob.ec\/portal\/?p=1477"},"modified":"2022-01-02T12:40:56","modified_gmt":"2022-01-02T17:40:56","slug":"feliz-ano-2022","status":"publish","type":"post","link":"https:\/\/pelileo.gob.ec\/v3\/feliz-ano-2022\/","title":{"rendered":"Feliz A\u00f1o 2022"},"content":{"rendered":"\n<p>El GAD Municipal del cant\u00f3n San Pedro de Pelileo les desea un venturoso y pr\u00f3spero a\u00f1o nuevo 2022. <\/p>\n\n\n\n<p>Que el \u00e9xito y la salud colme vuestros hogares.<\/p>\n","protected":false},"excerpt":{"rendered":"<p>El GAD Municipal del cant\u00f3n San Pedro de Pelileo les&hellip; <\/p>\n","protected":false},"author":1,"featured_media":1478,"comment_status":"closed","ping_status":"closed","sticky":false,"template":"","format":"standard","meta":{"footnotes":""},"categories":[9],"tags":[],"class_list":["post-1477","post","type-post","status-publish","format-standard","has-post-thumbnail","hentry","category-slider"],"_links":{"self":[{"href":"https:\/\/pelileo.gob.ec\/v3\/wp-json\/wp\/v2\/posts\/1477","targetHints":{"allow":["GET"]}}],"collection":[{"href":"https:\/\/pelileo.gob.ec\/v3\/wp-json\/wp\/v2\/posts"}],"about":[{"href":"https:\/\/pelileo.gob.ec\/v3\/wp-json\/wp\/v2\/types\/post"}],"author":[{"embeddable":true,"href":"https:\/\/pelileo.gob.ec\/v3\/wp-json\/wp\/v2\/users\/1"}],"replies":[{"embeddable":true,"href":"https:\/\/pelileo.gob.ec\/v3\/wp-json\/wp\/v2\/comments?post=1477"}],"version-history":[{"count":1,"href":"https:\/\/pelileo.gob.ec\/v3\/wp-json\/wp\/v2\/posts\/1477\/revisions"}],"predecessor-version":[{"id":1479,"href":"https:\/\/pelileo.gob.ec\/v3\/wp-json\/wp\/v2\/posts\/1477\/revisions\/1479"}],"wp:featuredmedia":[{"embeddable":true,"href":"https:\/\/pelileo.gob.ec\/v3\/wp-json\/wp\/v2\/media\/1478"}],"wp:attachment":[{"href":"https:\/\/pelileo.gob.ec\/v3\/wp-json\/wp\/v2\/media?parent=1477"}],"wp:term":[{"taxonomy":"category","embeddable":true,"href":"https:\/\/pelileo.gob.ec\/v3\/wp-json\/wp\/v2\/categories?post=1477"},{"taxonomy":"post_tag","embeddable":true,"href":"https:\/\/pelileo.gob.ec\/v3\/wp-json\/wp\/v2\/tags?post=1477"}],"curies":[{"name":"wp","href":"https:\/\/api.w.org\/{rel}","templated":true}]}}