{"id":1501,"date":"2022-01-10T14:45:47","date_gmt":"2022-01-10T19:45:47","guid":{"rendered":"https:\/\/pelileo.gob.ec\/portal\/?p=1501"},"modified":"2022-01-10T14:45:47","modified_gmt":"2022-01-10T19:45:47","slug":"avanzan-los-trabajos-en-la-calle-juan-de-velasco","status":"publish","type":"post","link":"https:\/\/pelileo.gob.ec\/v3\/avanzan-los-trabajos-en-la-calle-juan-de-velasco\/","title":{"rendered":"Avanzan los trabajos en la calle Juan de Velasco"},"content":{"rendered":"\n<p>A buen ritmo y con gran entusiasmo avanzan los trabajos de intervenci\u00f3n en la calle Juan de Velasco, que permitir\u00e1 ejecutar el cambio integral de la red principal de agua potable, as\u00ed como las acometidas domiciliarias ubicadas a los dos extremos de la v\u00eda. <\/p>\n\n\n\n<p>De igual forma se trabaja en el cambio del sistema de alcantarillado sanitario, la implementaci\u00f3n de carpeta asf\u00e1ltica, se\u00f1alizaci\u00f3n de tr\u00e1nsito vial y peatonal que garantice la seguridad de nuestros ciudadanos y finalmente la ornamentaci\u00f3n de la v\u00eda. <\/p>\n\n\n\n<p>La obra beneficia a nuestros moradores del Barrio Central y Barrio Joaqu\u00edn Arias, as\u00ed como a los ciudadanos que transitan por esta importante v\u00eda de comunicaci\u00f3n, que es intervenida por el Gobierno Aut\u00f3nomo Descentralizado Municipal del cant\u00f3n San Pedro de Pelileo.<\/p>\n","protected":false},"excerpt":{"rendered":"<p>A buen ritmo y con gran entusiasmo avanzan los trabajos&hellip; <\/p>\n","protected":false},"author":1,"featured_media":1502,"comment_status":"closed","ping_status":"closed","sticky":false,"template":"","format":"standard","meta":{"footnotes":""},"categories":[9],"tags":[],"class_list":["post-1501","post","type-post","status-publish","format-standard","has-post-thumbnail","hentry","category-slider"],"_links":{"self":[{"href":"https:\/\/pelileo.gob.ec\/v3\/wp-json\/wp\/v2\/posts\/1501","targetHints":{"allow":["GET"]}}],"collection":[{"href":"https:\/\/pelileo.gob.ec\/v3\/wp-json\/wp\/v2\/posts"}],"about":[{"href":"https:\/\/pelileo.gob.ec\/v3\/wp-json\/wp\/v2\/types\/post"}],"author":[{"embeddable":true,"href":"https:\/\/pelileo.gob.ec\/v3\/wp-json\/wp\/v2\/users\/1"}],"replies":[{"embeddable":true,"href":"https:\/\/pelileo.gob.ec\/v3\/wp-json\/wp\/v2\/comments?post=1501"}],"version-history":[{"count":1,"href":"https:\/\/pelileo.gob.ec\/v3\/wp-json\/wp\/v2\/posts\/1501\/revisions"}],"predecessor-version":[{"id":1503,"href":"https:\/\/pelileo.gob.ec\/v3\/wp-json\/wp\/v2\/posts\/1501\/revisions\/1503"}],"wp:featuredmedia":[{"embeddable":true,"href":"https:\/\/pelileo.gob.ec\/v3\/wp-json\/wp\/v2\/media\/1502"}],"wp:attachment":[{"href":"https:\/\/pelileo.gob.ec\/v3\/wp-json\/wp\/v2\/media?parent=1501"}],"wp:term":[{"taxonomy":"category","embeddable":true,"href":"https:\/\/pelileo.gob.ec\/v3\/wp-json\/wp\/v2\/categories?post=1501"},{"taxonomy":"post_tag","embeddable":true,"href":"https:\/\/pelileo.gob.ec\/v3\/wp-json\/wp\/v2\/tags?post=1501"}],"curies":[{"name":"wp","href":"https:\/\/api.w.org\/{rel}","templated":true}]}}