{"id":1517,"date":"2022-01-18T09:32:34","date_gmt":"2022-01-18T14:32:34","guid":{"rendered":"https:\/\/pelileo.gob.ec\/portal\/?p=1517"},"modified":"2022-01-18T09:32:34","modified_gmt":"2022-01-18T14:32:34","slug":"colaboracion-interinstitucional-con-las-fundaciones-de-apoyo-a-personas-con-discapacidad-san-jose-de-huambalo-y-san-pedro-de-pelileo","status":"publish","type":"post","link":"https:\/\/pelileo.gob.ec\/v3\/colaboracion-interinstitucional-con-las-fundaciones-de-apoyo-a-personas-con-discapacidad-san-jose-de-huambalo-y-san-pedro-de-pelileo\/","title":{"rendered":"Colaboraci\u00f3n interinstitucional con las Fundaciones de apoyo a personas con discapacidad \u201cSan Jos\u00e9 de Huambal\u00f3\u201d y \u201cSan Pedro de Pelileo\u201d"},"content":{"rendered":"\n<p>EL GAD Municipal de <a href=\"https:\/\/www.facebook.com\/hashtag\/pelileo?__eep__=6&amp;__cft__[0]=AZV3nBISuQXbBGBimQhDu2Sm-4CxC6dxeZaai99D0g9xq1TOqDXKJ9M_4V9oyRuu4CNNsXcr7J3DiyJpo7qePLUUor51q5wFtO7XAHHv2Oe2Hd1vNODeDBgEjoxN9SndZnqw8oVx9B3Xr52n7ZLHmPvP&amp;__tn__=*NK-R\">#Pelileo<\/a>, a trav\u00e9s de su Alcalde Leonardo Maroto, suscribir\u00e1 convenios de colaboraci\u00f3n interinstitucional con las Fundaciones de apoyo a personas con discapacidad \u201cSan Jos\u00e9 de Huambal\u00f3\u201d y \u201cSan Pedro de Pelileo\u201d, a quienes transferir\u00e1 recursos econ\u00f3micos para atender las necesidades de los grupos de atenci\u00f3n prioritaria.<\/p>\n\n\n\n<p>De esta manera, tanto la Fundaci\u00f3n San Jos\u00e9 de <a href=\"https:\/\/www.facebook.com\/hashtag\/huambal%C3%B3?__eep__=6&amp;__cft__[0]=AZV3nBISuQXbBGBimQhDu2Sm-4CxC6dxeZaai99D0g9xq1TOqDXKJ9M_4V9oyRuu4CNNsXcr7J3DiyJpo7qePLUUor51q5wFtO7XAHHv2Oe2Hd1vNODeDBgEjoxN9SndZnqw8oVx9B3Xr52n7ZLHmPvP&amp;__tn__=*NK-R\">#Huambal\u00f3<\/a> como la Fundaci\u00f3n San Pedro de nuestro cant\u00f3n, podr\u00e1n fortalecer la atenci\u00f3n permanente en las \u00e1reas de terapia f\u00edsica, apoyo psicopedag\u00f3gico, terapia de lenguaje, intervenci\u00f3n en vulneraci\u00f3n de derechos, talleres ocupacionales, entre otras actividades. <\/p>\n\n\n\n<p>El Alcalde Leonardo Maroto, record\u00f3 que, dentro del Presupuesto 2022, la instituci\u00f3n designa el 10 por ciento de sus ingresos no tributarios para el financiamiento de la planificaci\u00f3n y ejecuci\u00f3n de programas sociales para la atenci\u00f3n a grupos vulnerables del cant\u00f3n.<\/p>\n","protected":false},"excerpt":{"rendered":"<p>EL GAD Municipal de #Pelileo, a trav\u00e9s de su Alcalde&hellip; <\/p>\n","protected":false},"author":1,"featured_media":1518,"comment_status":"closed","ping_status":"closed","sticky":false,"template":"","format":"standard","meta":{"footnotes":""},"categories":[9],"tags":[],"class_list":["post-1517","post","type-post","status-publish","format-standard","has-post-thumbnail","hentry","category-slider"],"_links":{"self":[{"href":"https:\/\/pelileo.gob.ec\/v3\/wp-json\/wp\/v2\/posts\/1517","targetHints":{"allow":["GET"]}}],"collection":[{"href":"https:\/\/pelileo.gob.ec\/v3\/wp-json\/wp\/v2\/posts"}],"about":[{"href":"https:\/\/pelileo.gob.ec\/v3\/wp-json\/wp\/v2\/types\/post"}],"author":[{"embeddable":true,"href":"https:\/\/pelileo.gob.ec\/v3\/wp-json\/wp\/v2\/users\/1"}],"replies":[{"embeddable":true,"href":"https:\/\/pelileo.gob.ec\/v3\/wp-json\/wp\/v2\/comments?post=1517"}],"version-history":[{"count":1,"href":"https:\/\/pelileo.gob.ec\/v3\/wp-json\/wp\/v2\/posts\/1517\/revisions"}],"predecessor-version":[{"id":1519,"href":"https:\/\/pelileo.gob.ec\/v3\/wp-json\/wp\/v2\/posts\/1517\/revisions\/1519"}],"wp:featuredmedia":[{"embeddable":true,"href":"https:\/\/pelileo.gob.ec\/v3\/wp-json\/wp\/v2\/media\/1518"}],"wp:attachment":[{"href":"https:\/\/pelileo.gob.ec\/v3\/wp-json\/wp\/v2\/media?parent=1517"}],"wp:term":[{"taxonomy":"category","embeddable":true,"href":"https:\/\/pelileo.gob.ec\/v3\/wp-json\/wp\/v2\/categories?post=1517"},{"taxonomy":"post_tag","embeddable":true,"href":"https:\/\/pelileo.gob.ec\/v3\/wp-json\/wp\/v2\/tags?post=1517"}],"curies":[{"name":"wp","href":"https:\/\/api.w.org\/{rel}","templated":true}]}}