{"id":1520,"date":"2022-01-18T09:51:47","date_gmt":"2022-01-18T14:51:47","guid":{"rendered":"https:\/\/pelileo.gob.ec\/portal\/?p=1520"},"modified":"2022-01-18T09:51:47","modified_gmt":"2022-01-18T14:51:47","slug":"iniciaron-los-trabajos-para-el-soterramiento-de-cables-a-lo-largo-de-la-av-padre-jorge-chacon","status":"publish","type":"post","link":"https:\/\/pelileo.gob.ec\/v3\/iniciaron-los-trabajos-para-el-soterramiento-de-cables-a-lo-largo-de-la-av-padre-jorge-chacon\/","title":{"rendered":"Iniciaron los trabajos para el soterramiento de cables a lo largo de la Av. Padre Jorge Chac\u00f3n"},"content":{"rendered":"\n<p>Cumpliendo con todos los protocolos de bioseguridad se iniciaron los trabajos para el soterramiento de cables a lo largo de la Av. Padre Jorge Chac\u00f3n, iniciando esta actividad desde la intersecci\u00f3n con la calle Garc\u00eda Moreno (cancha sint\u00e9tica), hasta la altura de la avenida 22 de julio que comprende la primera etapa de intervenci\u00f3n. <\/p>\n\n\n\n<p>\u201cEste trabajo es digno de felicitar a nuestras autoridades, ya que eliminar\u00e1 la contaminaci\u00f3n visual que significa observar la telara\u00f1a de cables colgados en los postes y mejorar la parte urban\u00edstica de la ciudad\u201d, destac\u00f3 Fernando Pico, Presidente del barrio Central, mientras observaba los trabajos. <\/p>\n\n\n\n<p>Una vez culminada la primera etapa, est\u00e1 proyectado intervenir tambi\u00e9n a lo largo de la Av. 22 de Julio; mientras que en la tercera fase se complementar\u00e1n varias v\u00edas que quedaron pendientes en el centro de la ciudad.<\/p>\n","protected":false},"excerpt":{"rendered":"<p>Cumpliendo con todos los protocolos de bioseguridad se iniciaron los&hellip; <\/p>\n","protected":false},"author":1,"featured_media":1521,"comment_status":"closed","ping_status":"closed","sticky":false,"template":"","format":"standard","meta":{"footnotes":""},"categories":[9],"tags":[],"class_list":["post-1520","post","type-post","status-publish","format-standard","has-post-thumbnail","hentry","category-slider"],"_links":{"self":[{"href":"https:\/\/pelileo.gob.ec\/v3\/wp-json\/wp\/v2\/posts\/1520","targetHints":{"allow":["GET"]}}],"collection":[{"href":"https:\/\/pelileo.gob.ec\/v3\/wp-json\/wp\/v2\/posts"}],"about":[{"href":"https:\/\/pelileo.gob.ec\/v3\/wp-json\/wp\/v2\/types\/post"}],"author":[{"embeddable":true,"href":"https:\/\/pelileo.gob.ec\/v3\/wp-json\/wp\/v2\/users\/1"}],"replies":[{"embeddable":true,"href":"https:\/\/pelileo.gob.ec\/v3\/wp-json\/wp\/v2\/comments?post=1520"}],"version-history":[{"count":1,"href":"https:\/\/pelileo.gob.ec\/v3\/wp-json\/wp\/v2\/posts\/1520\/revisions"}],"predecessor-version":[{"id":1522,"href":"https:\/\/pelileo.gob.ec\/v3\/wp-json\/wp\/v2\/posts\/1520\/revisions\/1522"}],"wp:featuredmedia":[{"embeddable":true,"href":"https:\/\/pelileo.gob.ec\/v3\/wp-json\/wp\/v2\/media\/1521"}],"wp:attachment":[{"href":"https:\/\/pelileo.gob.ec\/v3\/wp-json\/wp\/v2\/media?parent=1520"}],"wp:term":[{"taxonomy":"category","embeddable":true,"href":"https:\/\/pelileo.gob.ec\/v3\/wp-json\/wp\/v2\/categories?post=1520"},{"taxonomy":"post_tag","embeddable":true,"href":"https:\/\/pelileo.gob.ec\/v3\/wp-json\/wp\/v2\/tags?post=1520"}],"curies":[{"name":"wp","href":"https:\/\/api.w.org\/{rel}","templated":true}]}}