{"id":1546,"date":"2022-02-10T14:42:28","date_gmt":"2022-02-10T19:42:28","guid":{"rendered":"https:\/\/pelileo.gob.ec\/portal\/?p=1546"},"modified":"2022-02-10T14:42:28","modified_gmt":"2022-02-10T19:42:28","slug":"gad-municipal-de-pelileo-y-el-gobierno-parroquial-de-salasaka-permite-cristalizar-la-apertura-de-la-via-rondanan","status":"publish","type":"post","link":"https:\/\/pelileo.gob.ec\/v3\/gad-municipal-de-pelileo-y-el-gobierno-parroquial-de-salasaka-permite-cristalizar-la-apertura-de-la-via-rondanan\/","title":{"rendered":"GAD Municipal de Pelileo y el Gobierno parroquial de Salasaka permite cristalizar la apertura de la v\u00eda \u201cRonda\u00f1\u00e1n\u201d"},"content":{"rendered":"\n<p>El trabajo coordinado entre el GAD municipal de Pelileo y el Gobierno parroquial de Salasaka permite cristalizar la apertura de la v\u00eda \u201cRonda\u00f1\u00e1n\u201d que anteriormente era un peque\u00f1o \u201cchaki\u00f1\u00e1n\u201d por donde transitaban los moradores de la comunidad \u201cWamanloma\u201d de la parroquia <a href=\"https:\/\/www.facebook.com\/hashtag\/salasaka?__eep__=6&amp;__cft__[0]=AZW0keASjd70u17VzacWJs0tgJww231OASlVEBNgkId96PJ7d-P1Vk4tTv9sUXOvtfRMNz9HO9Vo9m5mrEHD5ImtKwoWoFuxGHNQ2nsqCdFW7CpLhzbUCOvm3NYFL9qLZgTZd_-uOXUNNiDMbQxKu2M5&amp;__tn__=*NK-R\">#Salasaka<\/a>, para realizar el patrullaje de sus propiedades. <\/p>\n\n\n\n<p>Este trabajo garantizar\u00e1 la movilidad no solo peatonal de los vecinos del sector, sino tambi\u00e9n ingresar con sus veh\u00edculos para trasladar los productos agr\u00edcolas que cultivan hacia los mercados de la provincia, destac\u00f3 Jos\u00e9 Masaquiza, habitante del sector, tras agradecer a la municipalidad por intervenir con la maquinaria y operadores para hacer realidad este anhelo. <\/p>\n\n\n\n<p>Mediante esta v\u00eda, se podr\u00e1 comunicar con la comunidad de Rumi\u00f1ahui Chico, el estadio de <a href=\"https:\/\/www.facebook.com\/hashtag\/wamanloma?__eep__=6&amp;__cft__[0]=AZW0keASjd70u17VzacWJs0tgJww231OASlVEBNgkId96PJ7d-P1Vk4tTv9sUXOvtfRMNz9HO9Vo9m5mrEHD5ImtKwoWoFuxGHNQ2nsqCdFW7CpLhzbUCOvm3NYFL9qLZgTZd_-uOXUNNiDMbQxKu2M5&amp;__tn__=*NK-R\">#Wamanloma<\/a> y desde ah\u00ed con la vecina parroquia de Ben\u00edtez, Pelileo y la ciudad de Ambato, expresaron los vecinos.<\/p>\n","protected":false},"excerpt":{"rendered":"<p>El trabajo coordinado entre el GAD municipal de Pelileo y&hellip; <\/p>\n","protected":false},"author":1,"featured_media":1547,"comment_status":"closed","ping_status":"closed","sticky":false,"template":"","format":"standard","meta":{"footnotes":""},"categories":[9],"tags":[],"class_list":["post-1546","post","type-post","status-publish","format-standard","has-post-thumbnail","hentry","category-slider"],"_links":{"self":[{"href":"https:\/\/pelileo.gob.ec\/v3\/wp-json\/wp\/v2\/posts\/1546","targetHints":{"allow":["GET"]}}],"collection":[{"href":"https:\/\/pelileo.gob.ec\/v3\/wp-json\/wp\/v2\/posts"}],"about":[{"href":"https:\/\/pelileo.gob.ec\/v3\/wp-json\/wp\/v2\/types\/post"}],"author":[{"embeddable":true,"href":"https:\/\/pelileo.gob.ec\/v3\/wp-json\/wp\/v2\/users\/1"}],"replies":[{"embeddable":true,"href":"https:\/\/pelileo.gob.ec\/v3\/wp-json\/wp\/v2\/comments?post=1546"}],"version-history":[{"count":1,"href":"https:\/\/pelileo.gob.ec\/v3\/wp-json\/wp\/v2\/posts\/1546\/revisions"}],"predecessor-version":[{"id":1548,"href":"https:\/\/pelileo.gob.ec\/v3\/wp-json\/wp\/v2\/posts\/1546\/revisions\/1548"}],"wp:featuredmedia":[{"embeddable":true,"href":"https:\/\/pelileo.gob.ec\/v3\/wp-json\/wp\/v2\/media\/1547"}],"wp:attachment":[{"href":"https:\/\/pelileo.gob.ec\/v3\/wp-json\/wp\/v2\/media?parent=1546"}],"wp:term":[{"taxonomy":"category","embeddable":true,"href":"https:\/\/pelileo.gob.ec\/v3\/wp-json\/wp\/v2\/categories?post=1546"},{"taxonomy":"post_tag","embeddable":true,"href":"https:\/\/pelileo.gob.ec\/v3\/wp-json\/wp\/v2\/tags?post=1546"}],"curies":[{"name":"wp","href":"https:\/\/api.w.org\/{rel}","templated":true}]}}