{"id":1568,"date":"2022-03-11T09:45:26","date_gmt":"2022-03-11T14:45:26","guid":{"rendered":"https:\/\/pelileo.gob.ec\/portal\/?p=1568"},"modified":"2022-03-11T09:45:26","modified_gmt":"2022-03-11T14:45:26","slug":"adoquinado-caserio-chaupi-de-la-via-principal-que-atraviesa-la-comunidad","status":"publish","type":"post","link":"https:\/\/pelileo.gob.ec\/v3\/adoquinado-caserio-chaupi-de-la-via-principal-que-atraviesa-la-comunidad\/","title":{"rendered":"Adoquinado Caser\u00edo Chaupi de la v\u00eda principal que atraviesa la comunidad"},"content":{"rendered":"\n<p>En el caser\u00edo Chaupi, todos sus habitantes muestran un rostro alegre y en sus conversaciones solo hablan de los grandes beneficios que traer\u00e1 el adoquinado de la v\u00eda principal que atraviesa la comunidad y que ha sido posible, gracias al impulso de la administraci\u00f3n municipal que lidera el Alcalde Leonardo Maroto.<\/p>\n\n\n\n<p>\u201cEn \u00e9poca de verano el polvo era insoportable y en el invierno no se pod\u00eda transitar ni a pie peor en veh\u00edculo\u201d, record\u00f3 Ver\u00f3nica Bonilla al agradecer a la Municipalidad por adoquinar esta v\u00eda de primera necesidad para trasladar con facilidad la producci\u00f3n agr\u00edcola desde sus parcelas hacia los mercados del cant\u00f3n.Mientras que Mauro Bonilla, solamente lo pod\u00eda creer cuando empezaron a colocar los primeros adoquines, ya que seg\u00fan recuerda, una obra de esta magnitud no lo hab\u00eda visto en su comunidad hace muchos a\u00f1os.<\/p>\n","protected":false},"excerpt":{"rendered":"<p>En el caser\u00edo Chaupi, todos sus habitantes muestran un rostro&hellip; <\/p>\n","protected":false},"author":1,"featured_media":1569,"comment_status":"closed","ping_status":"closed","sticky":false,"template":"","format":"standard","meta":{"footnotes":""},"categories":[9],"tags":[],"class_list":["post-1568","post","type-post","status-publish","format-standard","has-post-thumbnail","hentry","category-slider"],"_links":{"self":[{"href":"https:\/\/pelileo.gob.ec\/v3\/wp-json\/wp\/v2\/posts\/1568","targetHints":{"allow":["GET"]}}],"collection":[{"href":"https:\/\/pelileo.gob.ec\/v3\/wp-json\/wp\/v2\/posts"}],"about":[{"href":"https:\/\/pelileo.gob.ec\/v3\/wp-json\/wp\/v2\/types\/post"}],"author":[{"embeddable":true,"href":"https:\/\/pelileo.gob.ec\/v3\/wp-json\/wp\/v2\/users\/1"}],"replies":[{"embeddable":true,"href":"https:\/\/pelileo.gob.ec\/v3\/wp-json\/wp\/v2\/comments?post=1568"}],"version-history":[{"count":1,"href":"https:\/\/pelileo.gob.ec\/v3\/wp-json\/wp\/v2\/posts\/1568\/revisions"}],"predecessor-version":[{"id":1570,"href":"https:\/\/pelileo.gob.ec\/v3\/wp-json\/wp\/v2\/posts\/1568\/revisions\/1570"}],"wp:featuredmedia":[{"embeddable":true,"href":"https:\/\/pelileo.gob.ec\/v3\/wp-json\/wp\/v2\/media\/1569"}],"wp:attachment":[{"href":"https:\/\/pelileo.gob.ec\/v3\/wp-json\/wp\/v2\/media?parent=1568"}],"wp:term":[{"taxonomy":"category","embeddable":true,"href":"https:\/\/pelileo.gob.ec\/v3\/wp-json\/wp\/v2\/categories?post=1568"},{"taxonomy":"post_tag","embeddable":true,"href":"https:\/\/pelileo.gob.ec\/v3\/wp-json\/wp\/v2\/tags?post=1568"}],"curies":[{"name":"wp","href":"https:\/\/api.w.org\/{rel}","templated":true}]}}