{"id":16,"date":"2021-02-08T04:52:00","date_gmt":"2021-02-08T04:52:00","guid":{"rendered":"http:\/\/demo.themefreesia.com\/magbook\/?p=16"},"modified":"2021-02-25T13:18:54","modified_gmt":"2021-02-25T13:18:54","slug":"calles-24-de-mayo-y-euclides-barrera","status":"publish","type":"post","link":"https:\/\/pelileo.gob.ec\/v3\/calles-24-de-mayo-y-euclides-barrera\/","title":{"rendered":"Calles 24 de Mayo y Euclides Barrera"},"content":{"rendered":"<div class=\"kvgmc6g5 cxmmr5t8 oygrvhab hcukyx3x c1et5uql ii04i59q\">\n<div dir=\"auto\">Los trabajos de compactaci\u00f3n de la base y sub base en las calles 24 de Mayo y Euclides Barrera se realizan conforme a lo programado, por lo que se prev\u00e9, la colocaci\u00f3n de la capa asf\u00e1ltica durante la presente semana, si las condiciones clim\u00e1ticas son favorables.<\/div>\n<\/div>\n<div class=\"o9v6fnle cxmmr5t8 oygrvhab hcukyx3x c1et5uql ii04i59q\">\n<div dir=\"auto\">Adicionalmente a este trabajo, la intervenci\u00f3n tambi\u00e9n comprende el cambio de la red principal de agua potable, as\u00ed como las acometidas domiciliarias y la instalaci\u00f3n de varias acometidas de alcantarillado de lotes que carec\u00edan de este servicio.<\/div>\n<\/div>\n<div class=\"o9v6fnle cxmmr5t8 oygrvhab hcukyx3x c1et5uql ii04i59q\">\n<div dir=\"auto\">\u201cDesde la administraci\u00f3n municipal, realizamos todos los esfuerzos necesarios para atender las necesidades de la gente, ya que de esta manera permitir\u00e1 mejorar la calidad de vida de nuestros ciudadanos\u201d, destac\u00f3 el Alcalde Leonardo Maroto.<\/div>\n<\/div>\n<div class=\"o9v6fnle cxmmr5t8 oygrvhab hcukyx3x c1et5uql ii04i59q\">\n<div dir=\"auto\"><a class=\"oajrlxb2 g5ia77u1 qu0x051f esr5mh6w e9989ue4 r7d6kgcz rq0escxv nhd2j8a9 nc684nl6 p7hjln8o kvgmc6g5 cxmmr5t8 oygrvhab hcukyx3x jb3vyjys rz4wbd8a qt6c0cv9 a8nywdso i1ao9s8h esuyzwwr f1sip0of lzcic4wl q66pz984 gpro0wi8 b1v8xokw\" tabindex=\"0\" role=\"link\" href=\"https:\/\/www.facebook.com\/hashtag\/juntossomospelileo?__eep__=6&amp;__cft__[0]=AZWOf7KIhkapJei8y5PaF6ply-1NbwNsBLrg1L-PmLXAR69hFtina_cugX6K_1rhPeS_zw4vRKViXCIrPJddGXRiEvr_TrhKN4w99RoBWZMZFyYAcbKVIo-yoU3SXjLMS1QmkbaT3hoQKrxW6hvNjD13&amp;__tn__=*NK-R\">#JuntosSomosPELILEO<\/a><\/div>\n<\/div>\n","protected":false},"excerpt":{"rendered":"<p>Los trabajos de compactaci\u00f3n de la base y sub base&hellip; <\/p>\n","protected":false},"author":1,"featured_media":341,"comment_status":"closed","ping_status":"closed","sticky":false,"template":"","format":"standard","meta":{"footnotes":""},"categories":[9],"tags":[],"class_list":["post-16","post","type-post","status-publish","format-standard","has-post-thumbnail","hentry","category-slider"],"_links":{"self":[{"href":"https:\/\/pelileo.gob.ec\/v3\/wp-json\/wp\/v2\/posts\/16","targetHints":{"allow":["GET"]}}],"collection":[{"href":"https:\/\/pelileo.gob.ec\/v3\/wp-json\/wp\/v2\/posts"}],"about":[{"href":"https:\/\/pelileo.gob.ec\/v3\/wp-json\/wp\/v2\/types\/post"}],"author":[{"embeddable":true,"href":"https:\/\/pelileo.gob.ec\/v3\/wp-json\/wp\/v2\/users\/1"}],"replies":[{"embeddable":true,"href":"https:\/\/pelileo.gob.ec\/v3\/wp-json\/wp\/v2\/comments?post=16"}],"version-history":[{"count":2,"href":"https:\/\/pelileo.gob.ec\/v3\/wp-json\/wp\/v2\/posts\/16\/revisions"}],"predecessor-version":[{"id":439,"href":"https:\/\/pelileo.gob.ec\/v3\/wp-json\/wp\/v2\/posts\/16\/revisions\/439"}],"wp:featuredmedia":[{"embeddable":true,"href":"https:\/\/pelileo.gob.ec\/v3\/wp-json\/wp\/v2\/media\/341"}],"wp:attachment":[{"href":"https:\/\/pelileo.gob.ec\/v3\/wp-json\/wp\/v2\/media?parent=16"}],"wp:term":[{"taxonomy":"category","embeddable":true,"href":"https:\/\/pelileo.gob.ec\/v3\/wp-json\/wp\/v2\/categories?post=16"},{"taxonomy":"post_tag","embeddable":true,"href":"https:\/\/pelileo.gob.ec\/v3\/wp-json\/wp\/v2\/tags?post=16"}],"curies":[{"name":"wp","href":"https:\/\/api.w.org\/{rel}","templated":true}]}}