{"id":1656,"date":"2022-04-11T15:00:15","date_gmt":"2022-04-11T20:00:15","guid":{"rendered":"https:\/\/pelileo.gob.ec\/portal\/?p=1656"},"modified":"2022-04-11T15:00:15","modified_gmt":"2022-04-11T20:00:15","slug":"campana-de-esterilizacion-canina-y-felina-de-nuestro-canton","status":"publish","type":"post","link":"https:\/\/pelileo.gob.ec\/v3\/campana-de-esterilizacion-canina-y-felina-de-nuestro-canton\/","title":{"rendered":"Campa\u00f1a de Esterilizaci\u00f3n canina y felina de nuestro cant\u00f3n"},"content":{"rendered":"\n<p>En el barrio Joaqu\u00edn Arias, se inici\u00f3 la Campa\u00f1a de Esterilizaci\u00f3n canina y felina de nuestro cant\u00f3n, encaminada a controlar la sobrepoblaci\u00f3n de animales no deseados y mejorar la calidad de vida de perros y gatos de nuestros ciudadanos. <\/p>\n\n\n\n<p>De acuerdo a la programaci\u00f3n establecida por la Unidad de Fauna Urbana del GAD Municipal, las cirug\u00edas continuar\u00e1n durante todo el a\u00f1o a fin de abarcar todos los barrios de la zona urbana, as\u00ed como nuestras parroquias y comunidades.<\/p>\n\n\n\n<p>Ada Vera, Presidenta del barrio Joaqu\u00edn Arias record\u00f3 que previo a la esterilizaci\u00f3n, tanto directivos como beneficiarios recibieron una capacitaci\u00f3n sobre tenencia responsable de mascotas a fin de crear conciencia en la poblaci\u00f3n, sobre los cuidados que deben ofrecer a los animales como miembros de la familia.<\/p>\n","protected":false},"excerpt":{"rendered":"<p>En el barrio Joaqu\u00edn Arias, se inici\u00f3 la Campa\u00f1a de&hellip; <\/p>\n","protected":false},"author":1,"featured_media":1657,"comment_status":"closed","ping_status":"closed","sticky":false,"template":"","format":"standard","meta":{"footnotes":""},"categories":[9],"tags":[],"class_list":["post-1656","post","type-post","status-publish","format-standard","has-post-thumbnail","hentry","category-slider"],"_links":{"self":[{"href":"https:\/\/pelileo.gob.ec\/v3\/wp-json\/wp\/v2\/posts\/1656","targetHints":{"allow":["GET"]}}],"collection":[{"href":"https:\/\/pelileo.gob.ec\/v3\/wp-json\/wp\/v2\/posts"}],"about":[{"href":"https:\/\/pelileo.gob.ec\/v3\/wp-json\/wp\/v2\/types\/post"}],"author":[{"embeddable":true,"href":"https:\/\/pelileo.gob.ec\/v3\/wp-json\/wp\/v2\/users\/1"}],"replies":[{"embeddable":true,"href":"https:\/\/pelileo.gob.ec\/v3\/wp-json\/wp\/v2\/comments?post=1656"}],"version-history":[{"count":1,"href":"https:\/\/pelileo.gob.ec\/v3\/wp-json\/wp\/v2\/posts\/1656\/revisions"}],"predecessor-version":[{"id":1658,"href":"https:\/\/pelileo.gob.ec\/v3\/wp-json\/wp\/v2\/posts\/1656\/revisions\/1658"}],"wp:featuredmedia":[{"embeddable":true,"href":"https:\/\/pelileo.gob.ec\/v3\/wp-json\/wp\/v2\/media\/1657"}],"wp:attachment":[{"href":"https:\/\/pelileo.gob.ec\/v3\/wp-json\/wp\/v2\/media?parent=1656"}],"wp:term":[{"taxonomy":"category","embeddable":true,"href":"https:\/\/pelileo.gob.ec\/v3\/wp-json\/wp\/v2\/categories?post=1656"},{"taxonomy":"post_tag","embeddable":true,"href":"https:\/\/pelileo.gob.ec\/v3\/wp-json\/wp\/v2\/tags?post=1656"}],"curies":[{"name":"wp","href":"https:\/\/api.w.org\/{rel}","templated":true}]}}