{"id":1668,"date":"2022-04-27T10:01:35","date_gmt":"2022-04-27T15:01:35","guid":{"rendered":"https:\/\/pelileo.gob.ec\/portal\/?p=1668"},"modified":"2022-04-27T10:01:35","modified_gmt":"2022-04-27T15:01:35","slug":"adoquinado-de-calles-y-vias-en-17-sectores-de-la-zona-rural-de-nuestro-canton","status":"publish","type":"post","link":"https:\/\/pelileo.gob.ec\/v3\/adoquinado-de-calles-y-vias-en-17-sectores-de-la-zona-rural-de-nuestro-canton\/","title":{"rendered":"Adoquinado de calles y v\u00edas en 17 sectores de la zona rural de nuestro cant\u00f3n"},"content":{"rendered":"\n<p>La administraci\u00f3n municipal de Pelileo que lidera el Alcalde Leonardo Maroto, contribuir\u00e1 al adoquinado de calles y v\u00edas en 17 sectores de la zona rural de nuestro cant\u00f3n, en una primera etapa de intervenci\u00f3n que se inici\u00f3 con la llegada del adoqu\u00edn a estos sitios.<\/p>\n\n\n\n<p>Con alegr\u00eda y manteniendo las tradicionales \u201cmingas\u201d, los moradores de los sectores beneficiarios desmontaron los materiales, con la expectativa de que sus aspiraciones se convertir\u00e1n en realidad en los pr\u00f3ximos meses, al contar con v\u00edas aptas para trasladar los productos hacia sus domicilios y mercados.<\/p>\n\n\n\n<p>Optimizar recursos que genere beneficios eficientes a la comunidad, constituye parte fundamental del trabajo de la municipalidad, por ello, nuestro Alcalde ratific\u00f3 el compromiso institucional para mantener un trabajo coordinado con dirigentes y moradores de las comunidades a fin de alcanzar el desarrollo y bienestar anhelado.<\/p>\n","protected":false},"excerpt":{"rendered":"<p>La administraci\u00f3n municipal de Pelileo que lidera el Alcalde Leonardo&hellip; <\/p>\n","protected":false},"author":1,"featured_media":1669,"comment_status":"closed","ping_status":"closed","sticky":false,"template":"","format":"standard","meta":{"footnotes":""},"categories":[9],"tags":[],"class_list":["post-1668","post","type-post","status-publish","format-standard","has-post-thumbnail","hentry","category-slider"],"_links":{"self":[{"href":"https:\/\/pelileo.gob.ec\/v3\/wp-json\/wp\/v2\/posts\/1668","targetHints":{"allow":["GET"]}}],"collection":[{"href":"https:\/\/pelileo.gob.ec\/v3\/wp-json\/wp\/v2\/posts"}],"about":[{"href":"https:\/\/pelileo.gob.ec\/v3\/wp-json\/wp\/v2\/types\/post"}],"author":[{"embeddable":true,"href":"https:\/\/pelileo.gob.ec\/v3\/wp-json\/wp\/v2\/users\/1"}],"replies":[{"embeddable":true,"href":"https:\/\/pelileo.gob.ec\/v3\/wp-json\/wp\/v2\/comments?post=1668"}],"version-history":[{"count":1,"href":"https:\/\/pelileo.gob.ec\/v3\/wp-json\/wp\/v2\/posts\/1668\/revisions"}],"predecessor-version":[{"id":1670,"href":"https:\/\/pelileo.gob.ec\/v3\/wp-json\/wp\/v2\/posts\/1668\/revisions\/1670"}],"wp:featuredmedia":[{"embeddable":true,"href":"https:\/\/pelileo.gob.ec\/v3\/wp-json\/wp\/v2\/media\/1669"}],"wp:attachment":[{"href":"https:\/\/pelileo.gob.ec\/v3\/wp-json\/wp\/v2\/media?parent=1668"}],"wp:term":[{"taxonomy":"category","embeddable":true,"href":"https:\/\/pelileo.gob.ec\/v3\/wp-json\/wp\/v2\/categories?post=1668"},{"taxonomy":"post_tag","embeddable":true,"href":"https:\/\/pelileo.gob.ec\/v3\/wp-json\/wp\/v2\/tags?post=1668"}],"curies":[{"name":"wp","href":"https:\/\/api.w.org\/{rel}","templated":true}]}}