{"id":1716,"date":"2022-05-30T16:24:08","date_gmt":"2022-05-30T21:24:08","guid":{"rendered":"https:\/\/pelileo.gob.ec\/portal\/?p=1716"},"modified":"2022-05-30T16:24:08","modified_gmt":"2022-05-30T21:24:08","slug":"colocacion-de-adoquin-con-sus-respectivos-bordillos-de-proteccion-en-huambalito","status":"publish","type":"post","link":"https:\/\/pelileo.gob.ec\/v3\/colocacion-de-adoquin-con-sus-respectivos-bordillos-de-proteccion-en-huambalito\/","title":{"rendered":"Colocaci\u00f3n de adoqu\u00edn con sus respectivos bordillos de protecci\u00f3n en Huambalito"},"content":{"rendered":"\n<p>La calle de acceso hasta las instalaciones de la Fundaci\u00f3n San Jos\u00e9 de Huambal\u00f3, as\u00ed como del pasaje Antonio Clavijo del caser\u00edo <a href=\"https:\/\/www.facebook.com\/hashtag\/huambalito?__eep__=6&amp;__cft__[0]=AZUd9VD4Kt54iNmHewEoXo7CKs2ly3X4kAKVB6RFr9d_CACEJFpmIREBK5Ws1ZDnJDOSWxQ6b-59kh_L_gNi36f068PgwWrNwXF9wAc7wQibc5BMICRaA-RUCzQCLjsHNu5oTDrsRcA4MB94EtaeaoTQzFoMTbWUJ6YZXT5PlsPQfA&amp;__tn__=*NK-R\">Huambalito<\/a>, son intervenidos por la municipalidad mediante la colocaci\u00f3n de adoqu\u00edn con sus respectivos bordillos de protecci\u00f3n.<\/p>\n\n\n\n<p>La satisfacci\u00f3n y alegr\u00eda es evidente en los moradores de dichos sectores al ser testigos de los trabajos que poco a poco van cristalizando en realidad esta aspiraci\u00f3n de muchos a\u00f1os; as\u00ed lo evidenci\u00f3 Cecilia Rojas, quien con su hijo en brazos acudi\u00f3 a las terapias en la Fundaci\u00f3n San Jos\u00e9 de <a href=\"https:\/\/www.facebook.com\/hashtag\/huambal%C3%B3?__eep__=6&amp;__cft__[0]=AZUd9VD4Kt54iNmHewEoXo7CKs2ly3X4kAKVB6RFr9d_CACEJFpmIREBK5Ws1ZDnJDOSWxQ6b-59kh_L_gNi36f068PgwWrNwXF9wAc7wQibc5BMICRaA-RUCzQCLjsHNu5oTDrsRcA4MB94EtaeaoTQzFoMTbWUJ6YZXT5PlsPQfA&amp;__tn__=*NK-R\">Huambal\u00f3<\/a> y dijo no importar estas incomodidades moment\u00e1neas por el beneficio futuro.<\/p>\n\n\n\n<p>De esta manera se ofrece una mejor presentaci\u00f3n de estos sectores y sobretodo la seguridad para el tr\u00e1nsito vehicular y peatonal y la prevenci\u00f3n de enfermedades debido a la emanaci\u00f3n de polvo producto de la circulaci\u00f3n vehicular.<\/p>\n","protected":false},"excerpt":{"rendered":"<p>La calle de acceso hasta las instalaciones de la Fundaci\u00f3n&hellip; <\/p>\n","protected":false},"author":1,"featured_media":1717,"comment_status":"closed","ping_status":"closed","sticky":false,"template":"","format":"standard","meta":{"footnotes":""},"categories":[9],"tags":[],"class_list":["post-1716","post","type-post","status-publish","format-standard","has-post-thumbnail","hentry","category-slider"],"_links":{"self":[{"href":"https:\/\/pelileo.gob.ec\/v3\/wp-json\/wp\/v2\/posts\/1716","targetHints":{"allow":["GET"]}}],"collection":[{"href":"https:\/\/pelileo.gob.ec\/v3\/wp-json\/wp\/v2\/posts"}],"about":[{"href":"https:\/\/pelileo.gob.ec\/v3\/wp-json\/wp\/v2\/types\/post"}],"author":[{"embeddable":true,"href":"https:\/\/pelileo.gob.ec\/v3\/wp-json\/wp\/v2\/users\/1"}],"replies":[{"embeddable":true,"href":"https:\/\/pelileo.gob.ec\/v3\/wp-json\/wp\/v2\/comments?post=1716"}],"version-history":[{"count":1,"href":"https:\/\/pelileo.gob.ec\/v3\/wp-json\/wp\/v2\/posts\/1716\/revisions"}],"predecessor-version":[{"id":1718,"href":"https:\/\/pelileo.gob.ec\/v3\/wp-json\/wp\/v2\/posts\/1716\/revisions\/1718"}],"wp:featuredmedia":[{"embeddable":true,"href":"https:\/\/pelileo.gob.ec\/v3\/wp-json\/wp\/v2\/media\/1717"}],"wp:attachment":[{"href":"https:\/\/pelileo.gob.ec\/v3\/wp-json\/wp\/v2\/media?parent=1716"}],"wp:term":[{"taxonomy":"category","embeddable":true,"href":"https:\/\/pelileo.gob.ec\/v3\/wp-json\/wp\/v2\/categories?post=1716"},{"taxonomy":"post_tag","embeddable":true,"href":"https:\/\/pelileo.gob.ec\/v3\/wp-json\/wp\/v2\/tags?post=1716"}],"curies":[{"name":"wp","href":"https:\/\/api.w.org\/{rel}","templated":true}]}}