{"id":1725,"date":"2022-06-06T10:33:33","date_gmt":"2022-06-06T15:33:33","guid":{"rendered":"https:\/\/pelileo.gob.ec\/portal\/?p=1725"},"modified":"2022-06-06T10:33:33","modified_gmt":"2022-06-06T15:33:33","slug":"agricultores-de-la-asociacion-afeb-de-la-comunidad-de-huayrapata-recibieron-capacitacion","status":"publish","type":"post","link":"https:\/\/pelileo.gob.ec\/v3\/agricultores-de-la-asociacion-afeb-de-la-comunidad-de-huayrapata-recibieron-capacitacion\/","title":{"rendered":"Agricultores de la Asociaci\u00f3n AFEB de la comunidad de Huayrapata recibieron capacitaci\u00f3n."},"content":{"rendered":"\n<p>Agricultores de la Asociaci\u00f3n AFEB de la comunidad de <a href=\"https:\/\/www.facebook.com\/hashtag\/huayrapata?__eep__=6&amp;__cft__[0]=AZXXDotF4HIWeYQS0QPapxVON5jHjTjA-2fI65m8n8WFQSIYpNyFagKmfbXo_YKRb4k_PoChbIiunxrGprraFc5vcxGTE5wUz1DkImW1oUKSl87n4OZhjAJ_ebMb6jD7tXEQUHFf2fs-teM82nK4FRWVDUbxid6caRf6W9W4ZBp4uw&amp;__tn__=*NK-R\">#Huayrapata<\/a>, aprendieron conocimientos esenciales para injertar sus plantas frutales y obtener mejores r\u00e9ditos productivos, al reproducir cu\u00f1as de \u00e1rboles frutales de alta producci\u00f3n y calidad, en las ramas de sus plantas.<\/p>\n\n\n\n<p>De igual forma, la capacitaci\u00f3n se enfoc\u00f3 sobre la t\u00e9cnica adecuada para realizar la poda de ramas para mejorar la estructura de la planta e incrementar el paso de luz y aire a toda la planta a fin de que tome fuerza para su desarrollo.<\/p>\n\n\n\n<p>La capacitaci\u00f3n estuvo a cargo de t\u00e9cnicos de la Unidad de Econom\u00eda Popular y Solidaria del GAD municipal como parte de la estrategia agropecuaria de <a href=\"https:\/\/www.facebook.com\/hashtag\/tungurahua?__eep__=6&amp;__cft__[0]=AZXXDotF4HIWeYQS0QPapxVON5jHjTjA-2fI65m8n8WFQSIYpNyFagKmfbXo_YKRb4k_PoChbIiunxrGprraFc5vcxGTE5wUz1DkImW1oUKSl87n4OZhjAJ_ebMb6jD7tXEQUHFf2fs-teM82nK4FRWVDUbxid6caRf6W9W4ZBp4uw&amp;__tn__=*NK-R\">#Tungurahua<\/a>, por ello, los agricultores agradecieron a la municipalidad por trabajar de manera conjunta para reactivar la productividad y los ingresos econ\u00f3micos para el sost\u00e9n de la familia.<\/p>\n","protected":false},"excerpt":{"rendered":"<p>Agricultores de la Asociaci\u00f3n AFEB de la comunidad de #Huayrapata,&hellip; <\/p>\n","protected":false},"author":1,"featured_media":1726,"comment_status":"closed","ping_status":"closed","sticky":false,"template":"","format":"standard","meta":{"footnotes":""},"categories":[9],"tags":[],"class_list":["post-1725","post","type-post","status-publish","format-standard","has-post-thumbnail","hentry","category-slider"],"_links":{"self":[{"href":"https:\/\/pelileo.gob.ec\/v3\/wp-json\/wp\/v2\/posts\/1725","targetHints":{"allow":["GET"]}}],"collection":[{"href":"https:\/\/pelileo.gob.ec\/v3\/wp-json\/wp\/v2\/posts"}],"about":[{"href":"https:\/\/pelileo.gob.ec\/v3\/wp-json\/wp\/v2\/types\/post"}],"author":[{"embeddable":true,"href":"https:\/\/pelileo.gob.ec\/v3\/wp-json\/wp\/v2\/users\/1"}],"replies":[{"embeddable":true,"href":"https:\/\/pelileo.gob.ec\/v3\/wp-json\/wp\/v2\/comments?post=1725"}],"version-history":[{"count":1,"href":"https:\/\/pelileo.gob.ec\/v3\/wp-json\/wp\/v2\/posts\/1725\/revisions"}],"predecessor-version":[{"id":1727,"href":"https:\/\/pelileo.gob.ec\/v3\/wp-json\/wp\/v2\/posts\/1725\/revisions\/1727"}],"wp:featuredmedia":[{"embeddable":true,"href":"https:\/\/pelileo.gob.ec\/v3\/wp-json\/wp\/v2\/media\/1726"}],"wp:attachment":[{"href":"https:\/\/pelileo.gob.ec\/v3\/wp-json\/wp\/v2\/media?parent=1725"}],"wp:term":[{"taxonomy":"category","embeddable":true,"href":"https:\/\/pelileo.gob.ec\/v3\/wp-json\/wp\/v2\/categories?post=1725"},{"taxonomy":"post_tag","embeddable":true,"href":"https:\/\/pelileo.gob.ec\/v3\/wp-json\/wp\/v2\/tags?post=1725"}],"curies":[{"name":"wp","href":"https:\/\/api.w.org\/{rel}","templated":true}]}}