{"id":1773,"date":"2022-07-07T14:44:17","date_gmt":"2022-07-07T19:44:17","guid":{"rendered":"https:\/\/pelileo.gob.ec\/portal\/?p=1773"},"modified":"2022-07-07T14:44:17","modified_gmt":"2022-07-07T19:44:17","slug":"el-agroturismo-es-una-de-las-actividades-que-poco-a-poco-se-fortalece-en-pelileo","status":"publish","type":"post","link":"https:\/\/pelileo.gob.ec\/v3\/el-agroturismo-es-una-de-las-actividades-que-poco-a-poco-se-fortalece-en-pelileo\/","title":{"rendered":"El agroturismo es una de las actividades que poco a poco se fortalece en Pelileo"},"content":{"rendered":"\n<p>El agroturismo es una de las actividades que poco a poco se fortalece en Pelileo, gracias al trabajo conjunto de nuestros productores, con los t\u00e9cnicos de la Unidad de Econom\u00eda Popular y Solidaria y la Unidad de Turismo del GAD municipal.<\/p>\n\n\n\n<p>Para conocer estos nuevos destinos tur\u00edsticos, hoy se llev\u00f3 a cabo la visita a las granjas agro tur\u00edsticas \u201cLa Yunguilla y La Pradera\u201d ubicadas en el sector de La Clementina, donde los visitantes pueden participar de manera vivencial de las labores agr\u00edcolas y fortalecer adem\u00e1s del turismo inclusivo, por ello, de esta actividad tambi\u00e9n participaron los miembros de la Fundaci\u00f3n San Jos\u00e9 de Huambal\u00f3.<\/p>\n\n\n\n<p>Marlene Tint\u00edn, propietaria de la Granja La Pradera, agradeci\u00f3 a la municipalidad por el apoyo en la difusi\u00f3n y asesor\u00eda t\u00e9cnica para fortalecer este atractivo con una producci\u00f3n agr\u00edcola limpia y la supervisi\u00f3n constante de las plantaciones que permite ofrecer a los visitantes productos sanos y de calidad.<\/p>\n","protected":false},"excerpt":{"rendered":"<p>El agroturismo es una de las actividades que poco a&hellip; <\/p>\n","protected":false},"author":1,"featured_media":1774,"comment_status":"closed","ping_status":"closed","sticky":false,"template":"","format":"standard","meta":{"footnotes":""},"categories":[9],"tags":[],"class_list":["post-1773","post","type-post","status-publish","format-standard","has-post-thumbnail","hentry","category-slider"],"_links":{"self":[{"href":"https:\/\/pelileo.gob.ec\/v3\/wp-json\/wp\/v2\/posts\/1773","targetHints":{"allow":["GET"]}}],"collection":[{"href":"https:\/\/pelileo.gob.ec\/v3\/wp-json\/wp\/v2\/posts"}],"about":[{"href":"https:\/\/pelileo.gob.ec\/v3\/wp-json\/wp\/v2\/types\/post"}],"author":[{"embeddable":true,"href":"https:\/\/pelileo.gob.ec\/v3\/wp-json\/wp\/v2\/users\/1"}],"replies":[{"embeddable":true,"href":"https:\/\/pelileo.gob.ec\/v3\/wp-json\/wp\/v2\/comments?post=1773"}],"version-history":[{"count":1,"href":"https:\/\/pelileo.gob.ec\/v3\/wp-json\/wp\/v2\/posts\/1773\/revisions"}],"predecessor-version":[{"id":1775,"href":"https:\/\/pelileo.gob.ec\/v3\/wp-json\/wp\/v2\/posts\/1773\/revisions\/1775"}],"wp:featuredmedia":[{"embeddable":true,"href":"https:\/\/pelileo.gob.ec\/v3\/wp-json\/wp\/v2\/media\/1774"}],"wp:attachment":[{"href":"https:\/\/pelileo.gob.ec\/v3\/wp-json\/wp\/v2\/media?parent=1773"}],"wp:term":[{"taxonomy":"category","embeddable":true,"href":"https:\/\/pelileo.gob.ec\/v3\/wp-json\/wp\/v2\/categories?post=1773"},{"taxonomy":"post_tag","embeddable":true,"href":"https:\/\/pelileo.gob.ec\/v3\/wp-json\/wp\/v2\/tags?post=1773"}],"curies":[{"name":"wp","href":"https:\/\/api.w.org\/{rel}","templated":true}]}}