{"id":18,"date":"2021-02-09T04:53:00","date_gmt":"2021-02-09T04:53:00","guid":{"rendered":"http:\/\/demo.themefreesia.com\/magbook\/?p=18"},"modified":"2021-02-25T13:16:13","modified_gmt":"2021-02-25T13:16:13","slug":"biblioteca-municipal-juan-montalvo","status":"publish","type":"post","link":"https:\/\/pelileo.gob.ec\/v3\/biblioteca-municipal-juan-montalvo\/","title":{"rendered":"Biblioteca Municipal Juan Montalvo"},"content":{"rendered":"<div class=\"kvgmc6g5 cxmmr5t8 oygrvhab hcukyx3x c1et5uql ii04i59q\">\n<div dir=\"auto\">La Biblioteca Municipal Juan Montalvo, ubicada en las calles Garc\u00eda Moreno y Padre Jorge Chac\u00f3n (junto a la Polic\u00eda), presta servicio a nuestros estudiantes que necesitan conectividad para recibir las clases virtuales o realizar sus consultas mediante el servicio de internet.<\/div>\n<\/div>\n<div class=\"o9v6fnle cxmmr5t8 oygrvhab hcukyx3x c1et5uql ii04i59q\">\n<div dir=\"auto\">De igual manera mantiene un banco literario con m\u00e1s de siete mil obras de consulta y un \u00e1rea de lectura infantil con textos y materiales l\u00fadicos para incentivar la lectura de la ni\u00f1ez y juventud de nuestro cant\u00f3n.<\/div>\n<\/div>\n<div class=\"o9v6fnle cxmmr5t8 oygrvhab hcukyx3x c1et5uql ii04i59q\">\n<div dir=\"auto\">Adicionalmente se realizan pr\u00e9stamos de las obras para que lo puedan llevar a sus domicilios por un lapso de 3 d\u00edas, previo a la entrega de sus documentos de identificaci\u00f3n. La atenci\u00f3n se mantiene de 08h00 a 12h00 y de 13h00 a 17h00.<\/div>\n<\/div>\n<div class=\"o9v6fnle cxmmr5t8 oygrvhab hcukyx3x c1et5uql ii04i59q\">\n<div dir=\"auto\"><a class=\"oajrlxb2 g5ia77u1 qu0x051f esr5mh6w e9989ue4 r7d6kgcz rq0escxv nhd2j8a9 nc684nl6 p7hjln8o kvgmc6g5 cxmmr5t8 oygrvhab hcukyx3x jb3vyjys rz4wbd8a qt6c0cv9 a8nywdso i1ao9s8h esuyzwwr f1sip0of lzcic4wl q66pz984 gpro0wi8 b1v8xokw\" tabindex=\"0\" role=\"link\" href=\"https:\/\/www.facebook.com\/hashtag\/pelileopuedem%C3%A1s?__eep__=6&amp;__cft__[0]=AZUrSRefdazQyoXK3gqKDx5GVXAMiLOcSQCjiEnyzDhJOr_CKxTlmvLIM9rfVZrkbJasXHF42awJQktCxcoviEDuecWMu8Sj0HpkEtozEDe0rUj9p2QAIaDX88PMkXkjiHaJyk5I2txGw6xsk8YoV9V0&amp;__tn__=*NK-R\">#PelileoPuedeM\u00e1s<\/a><\/div>\n<\/div>\n","protected":false},"excerpt":{"rendered":"<p>La Biblioteca Municipal Juan Montalvo, ubicada en las calles Garc\u00eda&hellip; <\/p>\n","protected":false},"author":1,"featured_media":340,"comment_status":"closed","ping_status":"closed","sticky":false,"template":"","format":"standard","meta":{"footnotes":""},"categories":[9],"tags":[],"class_list":["post-18","post","type-post","status-publish","format-standard","has-post-thumbnail","hentry","category-slider"],"_links":{"self":[{"href":"https:\/\/pelileo.gob.ec\/v3\/wp-json\/wp\/v2\/posts\/18","targetHints":{"allow":["GET"]}}],"collection":[{"href":"https:\/\/pelileo.gob.ec\/v3\/wp-json\/wp\/v2\/posts"}],"about":[{"href":"https:\/\/pelileo.gob.ec\/v3\/wp-json\/wp\/v2\/types\/post"}],"author":[{"embeddable":true,"href":"https:\/\/pelileo.gob.ec\/v3\/wp-json\/wp\/v2\/users\/1"}],"replies":[{"embeddable":true,"href":"https:\/\/pelileo.gob.ec\/v3\/wp-json\/wp\/v2\/comments?post=18"}],"version-history":[{"count":1,"href":"https:\/\/pelileo.gob.ec\/v3\/wp-json\/wp\/v2\/posts\/18\/revisions"}],"predecessor-version":[{"id":437,"href":"https:\/\/pelileo.gob.ec\/v3\/wp-json\/wp\/v2\/posts\/18\/revisions\/437"}],"wp:featuredmedia":[{"embeddable":true,"href":"https:\/\/pelileo.gob.ec\/v3\/wp-json\/wp\/v2\/media\/340"}],"wp:attachment":[{"href":"https:\/\/pelileo.gob.ec\/v3\/wp-json\/wp\/v2\/media?parent=18"}],"wp:term":[{"taxonomy":"category","embeddable":true,"href":"https:\/\/pelileo.gob.ec\/v3\/wp-json\/wp\/v2\/categories?post=18"},{"taxonomy":"post_tag","embeddable":true,"href":"https:\/\/pelileo.gob.ec\/v3\/wp-json\/wp\/v2\/tags?post=18"}],"curies":[{"name":"wp","href":"https:\/\/api.w.org\/{rel}","templated":true}]}}