{"id":1809,"date":"2022-07-26T16:24:24","date_gmt":"2022-07-26T21:24:24","guid":{"rendered":"https:\/\/pelileo.gob.ec\/portal\/?p=1809"},"modified":"2022-07-26T16:24:58","modified_gmt":"2022-07-26T21:24:58","slug":"encuentro-intercultural-de-los-pueblos-del-ecuador-en-homenaje-a-los-162-anos-de-cantonizacion","status":"publish","type":"post","link":"https:\/\/pelileo.gob.ec\/v3\/encuentro-intercultural-de-los-pueblos-del-ecuador-en-homenaje-a-los-162-anos-de-cantonizacion\/","title":{"rendered":"\u00abEncuentro Intercultural de los Pueblos del Ecuador\u201d en homenaje a los 162 a\u00f1os de cantonizaci\u00f3n"},"content":{"rendered":"\n<p>Las manifestaciones art\u00edsticas y culturales del Ecuador y el mundo entero se tomaron las calles de Pelileo con motivo del \u201cEncuentro Intercultural de los Pueblos del Ecuador\u201d en homenaje a los 162 a\u00f1os de cantonizaci\u00f3n.<\/p>\n\n\n\n<p>M\u00e1s de 100 delegaciones de nuestros barrios, parroquias y comunidades; as\u00ed como de los cantones de Tungurahua, diferentes ciudades hermanas del pa\u00eds y delegaciones internacionales expresaron parte de su cultura mediante vistosas danzas que reflejan sus ra\u00edces folcl\u00f3ricas.<\/p>\n","protected":false},"excerpt":{"rendered":"<p>Las manifestaciones art\u00edsticas y culturales del Ecuador y el mundo&hellip; <\/p>\n","protected":false},"author":1,"featured_media":1810,"comment_status":"closed","ping_status":"closed","sticky":false,"template":"","format":"standard","meta":{"footnotes":""},"categories":[9],"tags":[],"class_list":["post-1809","post","type-post","status-publish","format-standard","has-post-thumbnail","hentry","category-slider"],"_links":{"self":[{"href":"https:\/\/pelileo.gob.ec\/v3\/wp-json\/wp\/v2\/posts\/1809","targetHints":{"allow":["GET"]}}],"collection":[{"href":"https:\/\/pelileo.gob.ec\/v3\/wp-json\/wp\/v2\/posts"}],"about":[{"href":"https:\/\/pelileo.gob.ec\/v3\/wp-json\/wp\/v2\/types\/post"}],"author":[{"embeddable":true,"href":"https:\/\/pelileo.gob.ec\/v3\/wp-json\/wp\/v2\/users\/1"}],"replies":[{"embeddable":true,"href":"https:\/\/pelileo.gob.ec\/v3\/wp-json\/wp\/v2\/comments?post=1809"}],"version-history":[{"count":2,"href":"https:\/\/pelileo.gob.ec\/v3\/wp-json\/wp\/v2\/posts\/1809\/revisions"}],"predecessor-version":[{"id":1812,"href":"https:\/\/pelileo.gob.ec\/v3\/wp-json\/wp\/v2\/posts\/1809\/revisions\/1812"}],"wp:featuredmedia":[{"embeddable":true,"href":"https:\/\/pelileo.gob.ec\/v3\/wp-json\/wp\/v2\/media\/1810"}],"wp:attachment":[{"href":"https:\/\/pelileo.gob.ec\/v3\/wp-json\/wp\/v2\/media?parent=1809"}],"wp:term":[{"taxonomy":"category","embeddable":true,"href":"https:\/\/pelileo.gob.ec\/v3\/wp-json\/wp\/v2\/categories?post=1809"},{"taxonomy":"post_tag","embeddable":true,"href":"https:\/\/pelileo.gob.ec\/v3\/wp-json\/wp\/v2\/tags?post=1809"}],"curies":[{"name":"wp","href":"https:\/\/api.w.org\/{rel}","templated":true}]}}