{"id":1868,"date":"2022-08-15T08:32:17","date_gmt":"2022-08-15T13:32:17","guid":{"rendered":"https:\/\/pelileo.gob.ec\/portal\/?p=1868"},"modified":"2022-08-15T08:32:17","modified_gmt":"2022-08-15T13:32:17","slug":"expoferia-del-mueble-y-la-innovacion-huambalo-2022","status":"publish","type":"post","link":"https:\/\/pelileo.gob.ec\/v3\/expoferia-del-mueble-y-la-innovacion-huambalo-2022\/","title":{"rendered":"Expoferia del mueble y la Innovaci\u00f3n Huambal\u00f3 2022"},"content":{"rendered":"\n<p>La Expoferia del mueble y la Innovaci\u00f3n <a href=\"https:\/\/www.facebook.com\/hashtag\/huambal%C3%B3?__eep__=6&amp;__cft__[0]=AZU8koGZYZkHbtEaXv-GUsKbAh02Fot71xbxKnQYgdB4FoXy9t-a8Y2T23gefKH9q_oEJYxEi3PHdrnhvQJwXzuuoAjHO2xAuT97LEeGe0MVMdTuTwxhsy8qqa87zrhO-VvVboyzj8cp3rv9__7FZuY7Ro5AWluOsx2HFU81lIAR8g&amp;__tn__=*NK-R\">#Huambal\u00f3<\/a> 2022 abri\u00f3 sus puertas a todos los visitantes del Ecuador y el mundo en la Unidad Educativa Huambal\u00f3, para ofrecer gran variedad y exclusividad de dise\u00f1os en muebles de sala, comedor, dormitorio y oficina.<\/p>\n\n\n\n<p>En su intervenci\u00f3n, nuestro Alcalde Leonardo Maroto felicit\u00f3 el \u00edmpetu y fortaleza de los productores huambale\u00f1os para no decaer y salir adelante en los tiempos dif\u00edciles. Adem\u00e1s, recalc\u00f3 la innovaci\u00f3n constante de los actores artesanales, para ofertar productos de primera clase al consumidor.<\/p>\n\n\n\n<p>Esta feria estar\u00e1 abierta hasta el domingo 14 de agosto y contar\u00e1 con decenas de stands que pondr\u00e1n a consideraci\u00f3n del visitante los mejores modelos y colecciones.<\/p>\n","protected":false},"excerpt":{"rendered":"<p>La Expoferia del mueble y la Innovaci\u00f3n #Huambal\u00f3 2022 abri\u00f3&hellip; <\/p>\n","protected":false},"author":1,"featured_media":1869,"comment_status":"closed","ping_status":"closed","sticky":false,"template":"","format":"standard","meta":{"footnotes":""},"categories":[9,31],"tags":[],"class_list":["post-1868","post","type-post","status-publish","format-standard","has-post-thumbnail","hentry","category-slider","category-turismo-en-pelileo"],"_links":{"self":[{"href":"https:\/\/pelileo.gob.ec\/v3\/wp-json\/wp\/v2\/posts\/1868","targetHints":{"allow":["GET"]}}],"collection":[{"href":"https:\/\/pelileo.gob.ec\/v3\/wp-json\/wp\/v2\/posts"}],"about":[{"href":"https:\/\/pelileo.gob.ec\/v3\/wp-json\/wp\/v2\/types\/post"}],"author":[{"embeddable":true,"href":"https:\/\/pelileo.gob.ec\/v3\/wp-json\/wp\/v2\/users\/1"}],"replies":[{"embeddable":true,"href":"https:\/\/pelileo.gob.ec\/v3\/wp-json\/wp\/v2\/comments?post=1868"}],"version-history":[{"count":1,"href":"https:\/\/pelileo.gob.ec\/v3\/wp-json\/wp\/v2\/posts\/1868\/revisions"}],"predecessor-version":[{"id":1870,"href":"https:\/\/pelileo.gob.ec\/v3\/wp-json\/wp\/v2\/posts\/1868\/revisions\/1870"}],"wp:featuredmedia":[{"embeddable":true,"href":"https:\/\/pelileo.gob.ec\/v3\/wp-json\/wp\/v2\/media\/1869"}],"wp:attachment":[{"href":"https:\/\/pelileo.gob.ec\/v3\/wp-json\/wp\/v2\/media?parent=1868"}],"wp:term":[{"taxonomy":"category","embeddable":true,"href":"https:\/\/pelileo.gob.ec\/v3\/wp-json\/wp\/v2\/categories?post=1868"},{"taxonomy":"post_tag","embeddable":true,"href":"https:\/\/pelileo.gob.ec\/v3\/wp-json\/wp\/v2\/tags?post=1868"}],"curies":[{"name":"wp","href":"https:\/\/api.w.org\/{rel}","templated":true}]}}