{"id":20,"date":"2021-02-05T04:54:00","date_gmt":"2021-02-05T04:54:00","guid":{"rendered":"http:\/\/demo.themefreesia.com\/magbook\/?p=20"},"modified":"2021-03-03T20:36:14","modified_gmt":"2021-03-03T20:36:14","slug":"apertura-de-la-via-interparroquial-chiquicha-condorahua-el-rosario","status":"publish","type":"post","link":"https:\/\/pelileo.gob.ec\/v3\/apertura-de-la-via-interparroquial-chiquicha-condorahua-el-rosario\/","title":{"rendered":"Apertura de la v\u00eda interparroquial Chiquicha &#8211; Condorahua &#8211; El Rosario."},"content":{"rendered":"<div class=\"kvgmc6g5 cxmmr5t8 oygrvhab hcukyx3x c1et5uql ii04i59q\">\n<div dir=\"auto\">Una de las aspiraciones m\u00e1s fuertes de nuestros habitantes de <a class=\"oajrlxb2 g5ia77u1 qu0x051f esr5mh6w e9989ue4 r7d6kgcz rq0escxv nhd2j8a9 nc684nl6 p7hjln8o kvgmc6g5 cxmmr5t8 oygrvhab hcukyx3x jb3vyjys rz4wbd8a qt6c0cv9 a8nywdso i1ao9s8h esuyzwwr f1sip0of lzcic4wl q66pz984 gpro0wi8 b1v8xokw\" tabindex=\"0\" role=\"link\" href=\"https:\/\/www.facebook.com\/hashtag\/chiquicha?__eep__=6&amp;__cft__[0]=AZUzPWSNBMNW9rMsbhe5CsynMGarP50rp4wDJV4P3RATe4ZjOdCvwnFYVTJnz8QUEMffDCTVlLzlX2GFtxT_cOkOlD7MD6Jc_KwgjRm6YbaP_uB3azcNAKTtM6853kdDxY4rXZhy9In7vaYDKyijRgPzyyyccEani73wBzmber_exQ&amp;__tn__=*NK-y-R\">#Chiquicha<\/a> y El <a class=\"oajrlxb2 g5ia77u1 qu0x051f esr5mh6w e9989ue4 r7d6kgcz rq0escxv nhd2j8a9 nc684nl6 p7hjln8o kvgmc6g5 cxmmr5t8 oygrvhab hcukyx3x jb3vyjys rz4wbd8a qt6c0cv9 a8nywdso i1ao9s8h esuyzwwr f1sip0of lzcic4wl q66pz984 gpro0wi8 b1v8xokw\" tabindex=\"0\" role=\"link\" href=\"https:\/\/www.facebook.com\/hashtag\/rosario?__eep__=6&amp;__cft__[0]=AZUzPWSNBMNW9rMsbhe5CsynMGarP50rp4wDJV4P3RATe4ZjOdCvwnFYVTJnz8QUEMffDCTVlLzlX2GFtxT_cOkOlD7MD6Jc_KwgjRm6YbaP_uB3azcNAKTtM6853kdDxY4rXZhy9In7vaYDKyijRgPzyyyccEani73wBzmber_exQ&amp;__tn__=*NK-y-R\">#Rosario<\/a> se va cristalizando gracias al esfuerzo conjunto entre autoridades y moradores, mediante la apertura de la v\u00eda interparroquial Chiquicha &#8211; Condorahua &#8211; El Rosario.<\/div>\n<\/div>\n<div class=\"o9v6fnle cxmmr5t8 oygrvhab hcukyx3x c1et5uql ii04i59q\">\n<div dir=\"auto\">Esta v\u00eda atraviesa importantes zonas agr\u00edcolas entre nuestras parroquias, lo que permitir\u00e1 facilitar el traslado de productos as\u00ed como el acceso apropiado para conocer los imponentes paisajes de la zona.<\/div>\n<\/div>\n<div class=\"o9v6fnle cxmmr5t8 oygrvhab hcukyx3x c1et5uql ii04i59q\">\n<div dir=\"auto\"><a class=\"oajrlxb2 g5ia77u1 qu0x051f esr5mh6w e9989ue4 r7d6kgcz rq0escxv nhd2j8a9 nc684nl6 p7hjln8o kvgmc6g5 cxmmr5t8 oygrvhab hcukyx3x jb3vyjys rz4wbd8a qt6c0cv9 a8nywdso i1ao9s8h esuyzwwr f1sip0of lzcic4wl q66pz984 gpro0wi8 b1v8xokw\" tabindex=\"0\" role=\"link\" href=\"https:\/\/www.facebook.com\/hashtag\/pelileosomostodos?__eep__=6&amp;__cft__[0]=AZUzPWSNBMNW9rMsbhe5CsynMGarP50rp4wDJV4P3RATe4ZjOdCvwnFYVTJnz8QUEMffDCTVlLzlX2GFtxT_cOkOlD7MD6Jc_KwgjRm6YbaP_uB3azcNAKTtM6853kdDxY4rXZhy9In7vaYDKyijRgPzyyyccEani73wBzmber_exQ&amp;__tn__=*NK-y-R\">#PelileoSomosTodos<\/a> <span class=\"pq6dq46d tbxw36s4 knj5qynh kvgmc6g5 ditlmg2l oygrvhab nvdbi5me sf5mxxl7 gl3lb2sf hhz5lgdu\"><img decoding=\"async\" src=\"https:\/\/static.xx.fbcdn.net\/images\/emoji.php\/v9\/t20\/1\/16\/1f1ed_1f1fa.png\" alt=\"\ud83c\udded\ud83c\uddfa\" width=\"16\" height=\"16\"><\/span><\/div>\n<\/div>\n","protected":false},"excerpt":{"rendered":"<p>Una de las aspiraciones m\u00e1s fuertes de nuestros habitantes de&hellip; <\/p>\n","protected":false},"author":1,"featured_media":339,"comment_status":"closed","ping_status":"closed","sticky":false,"template":"","format":"standard","meta":{"footnotes":""},"categories":[9],"tags":[],"class_list":["post-20","post","type-post","status-publish","format-standard","has-post-thumbnail","hentry","category-slider"],"_links":{"self":[{"href":"https:\/\/pelileo.gob.ec\/v3\/wp-json\/wp\/v2\/posts\/20","targetHints":{"allow":["GET"]}}],"collection":[{"href":"https:\/\/pelileo.gob.ec\/v3\/wp-json\/wp\/v2\/posts"}],"about":[{"href":"https:\/\/pelileo.gob.ec\/v3\/wp-json\/wp\/v2\/types\/post"}],"author":[{"embeddable":true,"href":"https:\/\/pelileo.gob.ec\/v3\/wp-json\/wp\/v2\/users\/1"}],"replies":[{"embeddable":true,"href":"https:\/\/pelileo.gob.ec\/v3\/wp-json\/wp\/v2\/comments?post=20"}],"version-history":[{"count":2,"href":"https:\/\/pelileo.gob.ec\/v3\/wp-json\/wp\/v2\/posts\/20\/revisions"}],"predecessor-version":[{"id":497,"href":"https:\/\/pelileo.gob.ec\/v3\/wp-json\/wp\/v2\/posts\/20\/revisions\/497"}],"wp:featuredmedia":[{"embeddable":true,"href":"https:\/\/pelileo.gob.ec\/v3\/wp-json\/wp\/v2\/media\/339"}],"wp:attachment":[{"href":"https:\/\/pelileo.gob.ec\/v3\/wp-json\/wp\/v2\/media?parent=20"}],"wp:term":[{"taxonomy":"category","embeddable":true,"href":"https:\/\/pelileo.gob.ec\/v3\/wp-json\/wp\/v2\/categories?post=20"},{"taxonomy":"post_tag","embeddable":true,"href":"https:\/\/pelileo.gob.ec\/v3\/wp-json\/wp\/v2\/tags?post=20"}],"curies":[{"name":"wp","href":"https:\/\/api.w.org\/{rel}","templated":true}]}}