{"id":2037,"date":"2022-10-31T11:15:07","date_gmt":"2022-10-31T16:15:07","guid":{"rendered":"https:\/\/pelileo.gob.ec\/portal\/?p=2037"},"modified":"2022-10-31T11:18:59","modified_gmt":"2022-10-31T16:18:59","slug":"lanzamiento-de-la-marca-turistica-descubre-pelileo-como-sitio-turistico-de-destino-en-nuestro-pais","status":"publish","type":"post","link":"https:\/\/pelileo.gob.ec\/v3\/lanzamiento-de-la-marca-turistica-descubre-pelileo-como-sitio-turistico-de-destino-en-nuestro-pais\/","title":{"rendered":"Lanzamiento de la marca tur\u00edstica \u00abDescubre Pelileo\u00bb, como sitio tur\u00edstico de destino en nuestro pa\u00eds"},"content":{"rendered":"\n<p>El trabajo conjunto entre los operadores tur\u00edsticos de Pelileo y el GAD Municipal, permitir\u00e1 posicionar la marca <a href=\"https:\/\/www.facebook.com\/hashtag\/descubrepelileo?__eep__=6&amp;__cft__[0]=AZVGmI-AQhf1wNxfzIAf63859bEn449HrxGkIrj-pmEbZVoAj9YLTz6zgKW8tMP892Q_ENkKeqciNW2sxLdlppYX_dBP-jKiB8IiGkNchBRifHXEjbn_ZA3felkf-F7id8bn22i55dfpOHxOfBBKMOH4FwftFbSwcup_n2N844oxF8nQrxoPYSZ24yrm-N8ZRiw&amp;__tn__=*NK-R\">#DescubrePelileo<\/a>, como sitio tur\u00edstico de destino en nuestro pa\u00eds <img decoding=\"async\" height=\"16\" width=\"16\" src=\"https:\/\/static.xx.fbcdn.net\/images\/emoji.php\/v9\/t95\/1\/16\/1f1ea_1f1e8.png\" alt=\"\ud83c\uddea\ud83c\udde8\"><\/p>\n\n\n\n<figure class=\"wp-block-image size-full\"><img fetchpriority=\"high\" decoding=\"async\" width=\"958\" height=\"960\" src=\"https:\/\/pelileo.gob.ec\/portal\/wp-content\/uploads\/2022\/10\/marca-descubre-pelileo.jpg\" alt=\"\" class=\"wp-image-2041\" srcset=\"https:\/\/pelileo.gob.ec\/v3\/wp-content\/uploads\/2022\/10\/marca-descubre-pelileo.jpg 958w, https:\/\/pelileo.gob.ec\/v3\/wp-content\/uploads\/2022\/10\/marca-descubre-pelileo-300x300.jpg 300w, https:\/\/pelileo.gob.ec\/v3\/wp-content\/uploads\/2022\/10\/marca-descubre-pelileo-150x150.jpg 150w, https:\/\/pelileo.gob.ec\/v3\/wp-content\/uploads\/2022\/10\/marca-descubre-pelileo-768x770.jpg 768w\" sizes=\"(max-width: 958px) 100vw, 958px\" \/><\/figure>\n\n\n\n<p>Con este objetivo, en el sal\u00f3n de la ciudad se llev\u00f3 a cabo el lanzamiento de la marca tur\u00edstica que contempla mostrar al mundo, los encantos naturales, art\u00edsticos, culturales y artesanales a trav\u00e9s de diferentes productos audiovisuales, mapas y gu\u00edas tur\u00edsticas, de un cant\u00f3n productivo y <a><\/a>hermoso.<\/p>\n","protected":false},"excerpt":{"rendered":"<p>El trabajo conjunto entre los operadores tur\u00edsticos de Pelileo y&hellip; <\/p>\n","protected":false},"author":1,"featured_media":2038,"comment_status":"closed","ping_status":"closed","sticky":false,"template":"","format":"standard","meta":{"footnotes":""},"categories":[9],"tags":[],"class_list":["post-2037","post","type-post","status-publish","format-standard","has-post-thumbnail","hentry","category-slider"],"_links":{"self":[{"href":"https:\/\/pelileo.gob.ec\/v3\/wp-json\/wp\/v2\/posts\/2037","targetHints":{"allow":["GET"]}}],"collection":[{"href":"https:\/\/pelileo.gob.ec\/v3\/wp-json\/wp\/v2\/posts"}],"about":[{"href":"https:\/\/pelileo.gob.ec\/v3\/wp-json\/wp\/v2\/types\/post"}],"author":[{"embeddable":true,"href":"https:\/\/pelileo.gob.ec\/v3\/wp-json\/wp\/v2\/users\/1"}],"replies":[{"embeddable":true,"href":"https:\/\/pelileo.gob.ec\/v3\/wp-json\/wp\/v2\/comments?post=2037"}],"version-history":[{"count":3,"href":"https:\/\/pelileo.gob.ec\/v3\/wp-json\/wp\/v2\/posts\/2037\/revisions"}],"predecessor-version":[{"id":2042,"href":"https:\/\/pelileo.gob.ec\/v3\/wp-json\/wp\/v2\/posts\/2037\/revisions\/2042"}],"wp:featuredmedia":[{"embeddable":true,"href":"https:\/\/pelileo.gob.ec\/v3\/wp-json\/wp\/v2\/media\/2038"}],"wp:attachment":[{"href":"https:\/\/pelileo.gob.ec\/v3\/wp-json\/wp\/v2\/media?parent=2037"}],"wp:term":[{"taxonomy":"category","embeddable":true,"href":"https:\/\/pelileo.gob.ec\/v3\/wp-json\/wp\/v2\/categories?post=2037"},{"taxonomy":"post_tag","embeddable":true,"href":"https:\/\/pelileo.gob.ec\/v3\/wp-json\/wp\/v2\/tags?post=2037"}],"curies":[{"name":"wp","href":"https:\/\/api.w.org\/{rel}","templated":true}]}}