{"id":2061,"date":"2022-11-09T12:01:27","date_gmt":"2022-11-09T17:01:27","guid":{"rendered":"https:\/\/pelileo.gob.ec\/portal\/?p=2061"},"modified":"2022-11-09T12:01:27","modified_gmt":"2022-11-09T17:01:27","slug":"encuentro-folklorico-finados-pelileo-2022","status":"publish","type":"post","link":"https:\/\/pelileo.gob.ec\/v3\/encuentro-folklorico-finados-pelileo-2022\/","title":{"rendered":"Encuentro Folkl\u00f3rico Finados Pelileo 2022"},"content":{"rendered":"\n<p>En un ambiente de fiesta y colorido se desarroll\u00f3 el \u201cEncuentro Folkl\u00f3rico Finados Pelileo 2022\u201d en el complejo tur\u00edstico La Moya, que cont\u00f3 con la presencia de agrupaciones destacadas de m\u00fasica y danza de nuestro cant\u00f3n y la provincia, como parte de los intercambios culturales que mantiene la municipalidad.<\/p>\n\n\n\n<p>Vistiendo atuendos multicolores y al son de la m\u00fasica aut\u00f3ctona, los participantes deleitaron a pelile\u00f1os y visitantes; quienes adem\u00e1s degustaron la tradicional colada morada ofrecida conjuntamente con la Reina de Pelileo Ana Paula Guevara, la Pelile\u00f1a Bonita de la Tercera Edad, t\u00e9cnicos de la municipalidad y el apoyo de las Fundaciones de ayuda social de Pelileo, comerciantes y emprendedores de la localidad.<\/p>\n","protected":false},"excerpt":{"rendered":"<p>En un ambiente de fiesta y colorido se desarroll\u00f3 el&hellip; <\/p>\n","protected":false},"author":1,"featured_media":2062,"comment_status":"closed","ping_status":"closed","sticky":false,"template":"","format":"standard","meta":{"footnotes":""},"categories":[9],"tags":[],"class_list":["post-2061","post","type-post","status-publish","format-standard","has-post-thumbnail","hentry","category-slider"],"_links":{"self":[{"href":"https:\/\/pelileo.gob.ec\/v3\/wp-json\/wp\/v2\/posts\/2061","targetHints":{"allow":["GET"]}}],"collection":[{"href":"https:\/\/pelileo.gob.ec\/v3\/wp-json\/wp\/v2\/posts"}],"about":[{"href":"https:\/\/pelileo.gob.ec\/v3\/wp-json\/wp\/v2\/types\/post"}],"author":[{"embeddable":true,"href":"https:\/\/pelileo.gob.ec\/v3\/wp-json\/wp\/v2\/users\/1"}],"replies":[{"embeddable":true,"href":"https:\/\/pelileo.gob.ec\/v3\/wp-json\/wp\/v2\/comments?post=2061"}],"version-history":[{"count":1,"href":"https:\/\/pelileo.gob.ec\/v3\/wp-json\/wp\/v2\/posts\/2061\/revisions"}],"predecessor-version":[{"id":2063,"href":"https:\/\/pelileo.gob.ec\/v3\/wp-json\/wp\/v2\/posts\/2061\/revisions\/2063"}],"wp:featuredmedia":[{"embeddable":true,"href":"https:\/\/pelileo.gob.ec\/v3\/wp-json\/wp\/v2\/media\/2062"}],"wp:attachment":[{"href":"https:\/\/pelileo.gob.ec\/v3\/wp-json\/wp\/v2\/media?parent=2061"}],"wp:term":[{"taxonomy":"category","embeddable":true,"href":"https:\/\/pelileo.gob.ec\/v3\/wp-json\/wp\/v2\/categories?post=2061"},{"taxonomy":"post_tag","embeddable":true,"href":"https:\/\/pelileo.gob.ec\/v3\/wp-json\/wp\/v2\/tags?post=2061"}],"curies":[{"name":"wp","href":"https:\/\/api.w.org\/{rel}","templated":true}]}}