{"id":2086,"date":"2022-12-01T13:54:24","date_gmt":"2022-12-01T18:54:24","guid":{"rendered":"https:\/\/pelileo.gob.ec\/portal\/?p=2086"},"modified":"2022-12-01T13:54:24","modified_gmt":"2022-12-01T18:54:24","slug":"personal-de-obras-publicas-del-gad-municipal-interviene-en-el-re-acondicionamiento-de-la-estructura-vial","status":"publish","type":"post","link":"https:\/\/pelileo.gob.ec\/v3\/personal-de-obras-publicas-del-gad-municipal-interviene-en-el-re-acondicionamiento-de-la-estructura-vial\/","title":{"rendered":"Personal de Obras P\u00fablicas del GAD municipal interviene en el re acondicionamiento de la estructura vial"},"content":{"rendered":"\n<p>Para rehabilitar las v\u00edas del centro de la urbe cantonal, y con el fin de facilitar la circulaci\u00f3n vehicular y el mantenimiento de los automotores; personal de Obras P\u00fablicas del GAD municipal interviene en el re acondicionamiento de la estructura vial, a fin de recuperar el tr\u00e1nsito por estos sectores.<\/p>\n\n\n\n<p>Aunque por el momento son trabajos paliativos, permitir\u00e1n garantizar la seguridad vial de veh\u00edculos y peatones mientras se trabaja en una soluci\u00f3n definitiva mediante un Plan <a><\/a>maestro encaminado a renovar la infraestructura integral de agua potable y alcantarillado, ya que la existente cumpli\u00f3 su vida \u00fatil.<\/p>\n","protected":false},"excerpt":{"rendered":"<p>Para rehabilitar las v\u00edas del centro de la urbe cantonal,&hellip; <\/p>\n","protected":false},"author":1,"featured_media":2087,"comment_status":"closed","ping_status":"closed","sticky":false,"template":"","format":"standard","meta":{"footnotes":""},"categories":[9],"tags":[],"class_list":["post-2086","post","type-post","status-publish","format-standard","has-post-thumbnail","hentry","category-slider"],"_links":{"self":[{"href":"https:\/\/pelileo.gob.ec\/v3\/wp-json\/wp\/v2\/posts\/2086","targetHints":{"allow":["GET"]}}],"collection":[{"href":"https:\/\/pelileo.gob.ec\/v3\/wp-json\/wp\/v2\/posts"}],"about":[{"href":"https:\/\/pelileo.gob.ec\/v3\/wp-json\/wp\/v2\/types\/post"}],"author":[{"embeddable":true,"href":"https:\/\/pelileo.gob.ec\/v3\/wp-json\/wp\/v2\/users\/1"}],"replies":[{"embeddable":true,"href":"https:\/\/pelileo.gob.ec\/v3\/wp-json\/wp\/v2\/comments?post=2086"}],"version-history":[{"count":1,"href":"https:\/\/pelileo.gob.ec\/v3\/wp-json\/wp\/v2\/posts\/2086\/revisions"}],"predecessor-version":[{"id":2088,"href":"https:\/\/pelileo.gob.ec\/v3\/wp-json\/wp\/v2\/posts\/2086\/revisions\/2088"}],"wp:featuredmedia":[{"embeddable":true,"href":"https:\/\/pelileo.gob.ec\/v3\/wp-json\/wp\/v2\/media\/2087"}],"wp:attachment":[{"href":"https:\/\/pelileo.gob.ec\/v3\/wp-json\/wp\/v2\/media?parent=2086"}],"wp:term":[{"taxonomy":"category","embeddable":true,"href":"https:\/\/pelileo.gob.ec\/v3\/wp-json\/wp\/v2\/categories?post=2086"},{"taxonomy":"post_tag","embeddable":true,"href":"https:\/\/pelileo.gob.ec\/v3\/wp-json\/wp\/v2\/tags?post=2086"}],"curies":[{"name":"wp","href":"https:\/\/api.w.org\/{rel}","templated":true}]}}