{"id":2119,"date":"2022-12-15T08:08:00","date_gmt":"2022-12-15T13:08:00","guid":{"rendered":"https:\/\/pelileo.gob.ec\/portal\/?p=2119"},"modified":"2022-12-15T14:12:20","modified_gmt":"2022-12-15T19:12:20","slug":"brigada-medica-navidena","status":"publish","type":"post","link":"https:\/\/pelileo.gob.ec\/v3\/brigada-medica-navidena\/","title":{"rendered":"Brigada M\u00e9dica Navide\u00f1a"},"content":{"rendered":"\n<p>La \u201cBrigada M\u00e9dica Navide\u00f1a\u201d lleg\u00f3 hasta la parroquia <a href=\"https:\/\/www.facebook.com\/hashtag\/huambal%C3%B3?__eep__=6&amp;__cft__[0]=AZVrNwEtMt5vXDGB8LLIpCuRjENKmx7o4WH1khao4vFicSlt1cEIyrppb7KFdmTjmA4coP2cws5OLPM0FPZfviYcQkgj8jfMnhJ9cOejsLVajBCztj-DL2MfAGNLkDgoq_DCesAOf-xCSwRlzuToyry7QT-elFPFq1tTYj0bswmFGMsdwDGUJPuW1HGEJMjDCSY&amp;__tn__=*NK-R\">#Huambal\u00f3<\/a> para brindar atenci\u00f3n a nuestros adultos mayores del centro parroquial y sus comunidades, donde el personal m\u00e9dico evalu\u00f3 el estado general de salud y entreg\u00f3 medicaci\u00f3n gratuita para el tratamiento correspondiente de acuerdo a las patolog\u00edas.<\/p>\n\n\n\n<p>A trav\u00e9s de este acto se compartieron momentos emotivos con nuestros adultos mayores, a quienes se les agradeci\u00f3 por el trabajo entregado a Pelileo y nuestras autoridades <a><\/a>ratificaron el compromiso de mantener este tipo de programas para brindarles la atenci\u00f3n que merecen.<\/p>\n","protected":false},"excerpt":{"rendered":"<p>La \u201cBrigada M\u00e9dica Navide\u00f1a\u201d lleg\u00f3 hasta la parroquia #Huambal\u00f3 para&hellip; <\/p>\n","protected":false},"author":1,"featured_media":2120,"comment_status":"closed","ping_status":"closed","sticky":false,"template":"","format":"standard","meta":{"footnotes":""},"categories":[9],"tags":[],"class_list":["post-2119","post","type-post","status-publish","format-standard","has-post-thumbnail","hentry","category-slider"],"_links":{"self":[{"href":"https:\/\/pelileo.gob.ec\/v3\/wp-json\/wp\/v2\/posts\/2119","targetHints":{"allow":["GET"]}}],"collection":[{"href":"https:\/\/pelileo.gob.ec\/v3\/wp-json\/wp\/v2\/posts"}],"about":[{"href":"https:\/\/pelileo.gob.ec\/v3\/wp-json\/wp\/v2\/types\/post"}],"author":[{"embeddable":true,"href":"https:\/\/pelileo.gob.ec\/v3\/wp-json\/wp\/v2\/users\/1"}],"replies":[{"embeddable":true,"href":"https:\/\/pelileo.gob.ec\/v3\/wp-json\/wp\/v2\/comments?post=2119"}],"version-history":[{"count":1,"href":"https:\/\/pelileo.gob.ec\/v3\/wp-json\/wp\/v2\/posts\/2119\/revisions"}],"predecessor-version":[{"id":2121,"href":"https:\/\/pelileo.gob.ec\/v3\/wp-json\/wp\/v2\/posts\/2119\/revisions\/2121"}],"wp:featuredmedia":[{"embeddable":true,"href":"https:\/\/pelileo.gob.ec\/v3\/wp-json\/wp\/v2\/media\/2120"}],"wp:attachment":[{"href":"https:\/\/pelileo.gob.ec\/v3\/wp-json\/wp\/v2\/media?parent=2119"}],"wp:term":[{"taxonomy":"category","embeddable":true,"href":"https:\/\/pelileo.gob.ec\/v3\/wp-json\/wp\/v2\/categories?post=2119"},{"taxonomy":"post_tag","embeddable":true,"href":"https:\/\/pelileo.gob.ec\/v3\/wp-json\/wp\/v2\/tags?post=2119"}],"curies":[{"name":"wp","href":"https:\/\/api.w.org\/{rel}","templated":true}]}}