{"id":2185,"date":"2023-02-22T11:49:22","date_gmt":"2023-02-22T16:49:22","guid":{"rendered":"https:\/\/pelileo.gob.ec\/portal\/?p=2185"},"modified":"2023-02-22T11:49:22","modified_gmt":"2023-02-22T16:49:22","slug":"avanza-proyecto-de-construccion-del-sistema-de-alcantarillado-sanitario-y-su-respectiva-planta-de-tratamiento-para-las-comunidades-de-salate-la-clementina-y-parte-de-sigualo","status":"publish","type":"post","link":"https:\/\/pelileo.gob.ec\/v3\/avanza-proyecto-de-construccion-del-sistema-de-alcantarillado-sanitario-y-su-respectiva-planta-de-tratamiento-para-las-comunidades-de-salate-la-clementina-y-parte-de-sigualo\/","title":{"rendered":"Avanza proyecto de construcci\u00f3n del sistema de alcantarillado sanitario y su respectiva planta de tratamiento para las comunidades de Salate, La Clementina y parte de Sigual\u00f3"},"content":{"rendered":"\n<p>El proyecto de construcci\u00f3n del sistema de alcantarillado sanitario y su respectiva planta de tratamiento para las comunidades de Salate, La Clementina y parte de Sigual\u00f3 avanza satisfactoriamente, as\u00ed lo dio a conocer Adri\u00e1n Pazmi\u00f1o, Gerente del Banco de Desarrollo de la regional sierra centro.<\/p>\n\n\n\n<p>En reuni\u00f3n de trabajo realizada en la Alcald\u00eda municipal conjuntamente con nuestro Alcalde Leonardo Maroto y dirigentes de las comunidades mencionadas, los beneficiarios agradecieron a <a><\/a>las autoridades por el inter\u00e9s mostrado para la cristalizaci\u00f3n de esta obra que traer\u00e1 esperanza y mejores condiciones de vida para sus habitantes.<\/p>\n","protected":false},"excerpt":{"rendered":"<p>El proyecto de construcci\u00f3n del sistema de alcantarillado sanitario y&hellip; <\/p>\n","protected":false},"author":1,"featured_media":2186,"comment_status":"closed","ping_status":"closed","sticky":false,"template":"","format":"standard","meta":{"footnotes":""},"categories":[9],"tags":[],"class_list":["post-2185","post","type-post","status-publish","format-standard","has-post-thumbnail","hentry","category-slider"],"_links":{"self":[{"href":"https:\/\/pelileo.gob.ec\/v3\/wp-json\/wp\/v2\/posts\/2185","targetHints":{"allow":["GET"]}}],"collection":[{"href":"https:\/\/pelileo.gob.ec\/v3\/wp-json\/wp\/v2\/posts"}],"about":[{"href":"https:\/\/pelileo.gob.ec\/v3\/wp-json\/wp\/v2\/types\/post"}],"author":[{"embeddable":true,"href":"https:\/\/pelileo.gob.ec\/v3\/wp-json\/wp\/v2\/users\/1"}],"replies":[{"embeddable":true,"href":"https:\/\/pelileo.gob.ec\/v3\/wp-json\/wp\/v2\/comments?post=2185"}],"version-history":[{"count":1,"href":"https:\/\/pelileo.gob.ec\/v3\/wp-json\/wp\/v2\/posts\/2185\/revisions"}],"predecessor-version":[{"id":2187,"href":"https:\/\/pelileo.gob.ec\/v3\/wp-json\/wp\/v2\/posts\/2185\/revisions\/2187"}],"wp:featuredmedia":[{"embeddable":true,"href":"https:\/\/pelileo.gob.ec\/v3\/wp-json\/wp\/v2\/media\/2186"}],"wp:attachment":[{"href":"https:\/\/pelileo.gob.ec\/v3\/wp-json\/wp\/v2\/media?parent=2185"}],"wp:term":[{"taxonomy":"category","embeddable":true,"href":"https:\/\/pelileo.gob.ec\/v3\/wp-json\/wp\/v2\/categories?post=2185"},{"taxonomy":"post_tag","embeddable":true,"href":"https:\/\/pelileo.gob.ec\/v3\/wp-json\/wp\/v2\/tags?post=2185"}],"curies":[{"name":"wp","href":"https:\/\/api.w.org\/{rel}","templated":true}]}}