{"id":2188,"date":"2023-02-22T11:58:45","date_gmt":"2023-02-22T16:58:45","guid":{"rendered":"https:\/\/pelileo.gob.ec\/portal\/?p=2188"},"modified":"2023-02-22T11:59:15","modified_gmt":"2023-02-22T16:59:15","slug":"trabajo-de-limpieza-y-nivelacion-de-la-via-central-que-une-inapi","status":"publish","type":"post","link":"https:\/\/pelileo.gob.ec\/v3\/trabajo-de-limpieza-y-nivelacion-de-la-via-central-que-une-inapi\/","title":{"rendered":"Trabajo de limpieza y nivelaci\u00f3n de la v\u00eda central que une Inap\u00ed"},"content":{"rendered":"\n<p>En el barrio San Vicente del caser\u00edo Inap\u00ed, sus moradores se encuentran contentos al observar al personal y maquinaria del GAD municipal de <a href=\"https:\/\/www.facebook.com\/hashtag\/pelileo?__eep__=6&amp;__cft__[0]=AZWPa7cs_q6Up4WXM5extP4yT4Lj10o3lDEWa1EGbVKpvOd6ebn4R81M7ziWG1wC_isqRoHB6z2xo3tHArJq_cRGBXFPcvg7fqahhXmBEJCKfcvO6xinDfXpFX2fpgF1hjs3YhmBm_2h33qvmGXXDJuBs0o0ShJ5GDkvmIprQmwKK66S31fL8ccXwQR2WgoAj-0&amp;__tn__=*NK-R\">#Pelileo<\/a>, realizar el trabajo de limpieza y nivelaci\u00f3n de la v\u00eda central que une Inap\u00ed con la v\u00eda que conduce hacia el sector de Yataqu\u00ed.<\/p>\n\n\n\n<p>Este es un trabajo necesario previo a la colocaci\u00f3n de la carpeta asf\u00e1ltica que se realizar\u00e1 de manera conjunta con el Gobierno provincial, a fin de proporcionar a nuestros ciudadanos una v\u00eda de primer <a><\/a>orden para el traslado de sus productos agr\u00edcolas hasta los principales mercados de la provincia.<\/p>\n","protected":false},"excerpt":{"rendered":"<p>En el barrio San Vicente del caser\u00edo Inap\u00ed, sus moradores&hellip; <\/p>\n","protected":false},"author":1,"featured_media":2189,"comment_status":"closed","ping_status":"closed","sticky":false,"template":"","format":"standard","meta":{"footnotes":""},"categories":[9],"tags":[],"class_list":["post-2188","post","type-post","status-publish","format-standard","has-post-thumbnail","hentry","category-slider"],"_links":{"self":[{"href":"https:\/\/pelileo.gob.ec\/v3\/wp-json\/wp\/v2\/posts\/2188","targetHints":{"allow":["GET"]}}],"collection":[{"href":"https:\/\/pelileo.gob.ec\/v3\/wp-json\/wp\/v2\/posts"}],"about":[{"href":"https:\/\/pelileo.gob.ec\/v3\/wp-json\/wp\/v2\/types\/post"}],"author":[{"embeddable":true,"href":"https:\/\/pelileo.gob.ec\/v3\/wp-json\/wp\/v2\/users\/1"}],"replies":[{"embeddable":true,"href":"https:\/\/pelileo.gob.ec\/v3\/wp-json\/wp\/v2\/comments?post=2188"}],"version-history":[{"count":1,"href":"https:\/\/pelileo.gob.ec\/v3\/wp-json\/wp\/v2\/posts\/2188\/revisions"}],"predecessor-version":[{"id":2190,"href":"https:\/\/pelileo.gob.ec\/v3\/wp-json\/wp\/v2\/posts\/2188\/revisions\/2190"}],"wp:featuredmedia":[{"embeddable":true,"href":"https:\/\/pelileo.gob.ec\/v3\/wp-json\/wp\/v2\/media\/2189"}],"wp:attachment":[{"href":"https:\/\/pelileo.gob.ec\/v3\/wp-json\/wp\/v2\/media?parent=2188"}],"wp:term":[{"taxonomy":"category","embeddable":true,"href":"https:\/\/pelileo.gob.ec\/v3\/wp-json\/wp\/v2\/categories?post=2188"},{"taxonomy":"post_tag","embeddable":true,"href":"https:\/\/pelileo.gob.ec\/v3\/wp-json\/wp\/v2\/tags?post=2188"}],"curies":[{"name":"wp","href":"https:\/\/api.w.org\/{rel}","templated":true}]}}