{"id":2195,"date":"2023-02-27T09:27:17","date_gmt":"2023-02-27T14:27:17","guid":{"rendered":"https:\/\/pelileo.gob.ec\/portal\/?p=2195"},"modified":"2023-02-27T09:27:17","modified_gmt":"2023-02-27T14:27:17","slug":"barrio-la-paz-contara-con-una-cancha-de-cesped-sintetico-graderio-con-su-respectiva-cubierta-baterias-sanitarias-entre-otros","status":"publish","type":"post","link":"https:\/\/pelileo.gob.ec\/v3\/barrio-la-paz-contara-con-una-cancha-de-cesped-sintetico-graderio-con-su-respectiva-cubierta-baterias-sanitarias-entre-otros\/","title":{"rendered":"Barrio La Paz contar\u00e1 con una cancha de c\u00e9sped sint\u00e9tico, grader\u00edo con su respectiva cubierta, bater\u00edas sanitarias, entre otros."},"content":{"rendered":"\n<p>El anhelo de los moradores del barrio La Paz de contar con un estadio de f\u00fatbol de primer nivel, se construye poco a poco en medio de la alegr\u00eda y benepl\u00e1cito de sus habitantes, ya que se constituir\u00e1 en un espacio donde los ni\u00f1os, j\u00f3venes y adultos utilizar\u00e1n su tiempo libre en la pr\u00e1ctica del rey de los deportes.<\/p>\n\n\n\n<p>La intervenci\u00f3n municipal en este escenario deportivo permitir\u00e1 contar con una cancha de c\u00e9sped sint\u00e9tico, grader\u00edo con su respectiva cubierta, bater\u00edas sanitarias, <a><\/a>centro m\u00e9dico, bar y el cerramiento total de toda el \u00e1rea deportiva para garantizar la seguridad tanto de deportistas como de aficionados.<\/p>\n","protected":false},"excerpt":{"rendered":"<p>El anhelo de los moradores del barrio La Paz de&hellip; <\/p>\n","protected":false},"author":1,"featured_media":2196,"comment_status":"closed","ping_status":"closed","sticky":false,"template":"","format":"standard","meta":{"footnotes":""},"categories":[9],"tags":[],"class_list":["post-2195","post","type-post","status-publish","format-standard","has-post-thumbnail","hentry","category-slider"],"_links":{"self":[{"href":"https:\/\/pelileo.gob.ec\/v3\/wp-json\/wp\/v2\/posts\/2195","targetHints":{"allow":["GET"]}}],"collection":[{"href":"https:\/\/pelileo.gob.ec\/v3\/wp-json\/wp\/v2\/posts"}],"about":[{"href":"https:\/\/pelileo.gob.ec\/v3\/wp-json\/wp\/v2\/types\/post"}],"author":[{"embeddable":true,"href":"https:\/\/pelileo.gob.ec\/v3\/wp-json\/wp\/v2\/users\/1"}],"replies":[{"embeddable":true,"href":"https:\/\/pelileo.gob.ec\/v3\/wp-json\/wp\/v2\/comments?post=2195"}],"version-history":[{"count":1,"href":"https:\/\/pelileo.gob.ec\/v3\/wp-json\/wp\/v2\/posts\/2195\/revisions"}],"predecessor-version":[{"id":2197,"href":"https:\/\/pelileo.gob.ec\/v3\/wp-json\/wp\/v2\/posts\/2195\/revisions\/2197"}],"wp:featuredmedia":[{"embeddable":true,"href":"https:\/\/pelileo.gob.ec\/v3\/wp-json\/wp\/v2\/media\/2196"}],"wp:attachment":[{"href":"https:\/\/pelileo.gob.ec\/v3\/wp-json\/wp\/v2\/media?parent=2195"}],"wp:term":[{"taxonomy":"category","embeddable":true,"href":"https:\/\/pelileo.gob.ec\/v3\/wp-json\/wp\/v2\/categories?post=2195"},{"taxonomy":"post_tag","embeddable":true,"href":"https:\/\/pelileo.gob.ec\/v3\/wp-json\/wp\/v2\/tags?post=2195"}],"curies":[{"name":"wp","href":"https:\/\/api.w.org\/{rel}","templated":true}]}}