{"id":2198,"date":"2023-02-27T09:55:04","date_gmt":"2023-02-27T14:55:04","guid":{"rendered":"https:\/\/pelileo.gob.ec\/portal\/?p=2198"},"modified":"2023-02-27T09:55:04","modified_gmt":"2023-02-27T14:55:04","slug":"en-chiquicha-se-iniciaron-los-trabajos-de-construccion-de-espacios-deportivos-recreativos-e-inclusivos","status":"publish","type":"post","link":"https:\/\/pelileo.gob.ec\/v3\/en-chiquicha-se-iniciaron-los-trabajos-de-construccion-de-espacios-deportivos-recreativos-e-inclusivos\/","title":{"rendered":"En Chiquicha se iniciaron los trabajos de construcci\u00f3n de espacios deportivos, recreativos e inclusivos."},"content":{"rendered":"\n<p>En la parroquia #Chiquicha se iniciaron los trabajos de construcci\u00f3n de espacios deportivos, recreativos e inclusivos, a fin de brindar a la ciudadan\u00eda infraestructura adecuada y segura para realizar actividad f\u00edsica, enfocada a mejorar la salud y por ende la calidad de vida de todos sus moradores.<br>La obra estar\u00e1 compuesta por una cancha de usos m\u00faltiples, una cancha de ecuavoley, bater\u00edas sanitarias, espacio para atenci\u00f3n m\u00e9dica, bar y adem\u00e1s contar\u00e1 con su propia planta de tratamiento de aguas servidas que generen los usuarios y visitantes.<\/p>\n","protected":false},"excerpt":{"rendered":"<p>En la parroquia #Chiquicha se iniciaron los trabajos de construcci\u00f3n&hellip; <\/p>\n","protected":false},"author":1,"featured_media":2199,"comment_status":"closed","ping_status":"closed","sticky":false,"template":"","format":"standard","meta":{"footnotes":""},"categories":[9],"tags":[],"class_list":["post-2198","post","type-post","status-publish","format-standard","has-post-thumbnail","hentry","category-slider"],"_links":{"self":[{"href":"https:\/\/pelileo.gob.ec\/v3\/wp-json\/wp\/v2\/posts\/2198","targetHints":{"allow":["GET"]}}],"collection":[{"href":"https:\/\/pelileo.gob.ec\/v3\/wp-json\/wp\/v2\/posts"}],"about":[{"href":"https:\/\/pelileo.gob.ec\/v3\/wp-json\/wp\/v2\/types\/post"}],"author":[{"embeddable":true,"href":"https:\/\/pelileo.gob.ec\/v3\/wp-json\/wp\/v2\/users\/1"}],"replies":[{"embeddable":true,"href":"https:\/\/pelileo.gob.ec\/v3\/wp-json\/wp\/v2\/comments?post=2198"}],"version-history":[{"count":1,"href":"https:\/\/pelileo.gob.ec\/v3\/wp-json\/wp\/v2\/posts\/2198\/revisions"}],"predecessor-version":[{"id":2200,"href":"https:\/\/pelileo.gob.ec\/v3\/wp-json\/wp\/v2\/posts\/2198\/revisions\/2200"}],"wp:featuredmedia":[{"embeddable":true,"href":"https:\/\/pelileo.gob.ec\/v3\/wp-json\/wp\/v2\/media\/2199"}],"wp:attachment":[{"href":"https:\/\/pelileo.gob.ec\/v3\/wp-json\/wp\/v2\/media?parent=2198"}],"wp:term":[{"taxonomy":"category","embeddable":true,"href":"https:\/\/pelileo.gob.ec\/v3\/wp-json\/wp\/v2\/categories?post=2198"},{"taxonomy":"post_tag","embeddable":true,"href":"https:\/\/pelileo.gob.ec\/v3\/wp-json\/wp\/v2\/tags?post=2198"}],"curies":[{"name":"wp","href":"https:\/\/api.w.org\/{rel}","templated":true}]}}