{"id":2228,"date":"2023-03-16T08:42:58","date_gmt":"2023-03-16T13:42:58","guid":{"rendered":"https:\/\/pelileo.gob.ec\/portal\/?p=2228"},"modified":"2023-03-16T08:42:58","modified_gmt":"2023-03-16T13:42:58","slug":"asotrensal-de-la-comunidad-de-salate-y-asoproclem-de-la-clementina-se-fortalece-mediante-la-dotacion-de-lonas-personalizadas-con-la-marca-pelileo","status":"publish","type":"post","link":"https:\/\/pelileo.gob.ec\/v3\/asotrensal-de-la-comunidad-de-salate-y-asoproclem-de-la-clementina-se-fortalece-mediante-la-dotacion-de-lonas-personalizadas-con-la-marca-pelileo\/","title":{"rendered":"ASOTRENSAL de la comunidad de Salate y ASOPROCLEM de La Clementina, se fortalece mediante la dotaci\u00f3n de lonas personalizadas con la marca Pelileo"},"content":{"rendered":"\n<p>El arduo trabajo de nuestros productores de aguacate de las Asociaciones ASOTRENSAL de la comunidad de <a href=\"https:\/\/www.facebook.com\/hashtag\/salate?__eep__=6&amp;__cft__[0]=AZUDF587q-Ng_L8-xLSDqYMavYcps8Dy1I5Y-VLFEbfhtY7VIgVCjmIsp8MIuupCTBkvNrJdh19dU_nOS0zULo_oJDLmEn7Thq9hBMGh98SAjsH-Z1LO5hKWCk6bQ9P6wSimr5MZ3dBhJn3Gd7fokVH4JK2eFQYLvdR897WNS9RmON9SEulTSNWoXwAqrdf9o2U&amp;__tn__=*NK-R\">#Salate<\/a> y ASOPROCLEM de La Clementina, se fortalece mediante la dotaci\u00f3n de lonas personalizadas con la marca <a href=\"https:\/\/www.facebook.com\/hashtag\/pelileo?__eep__=6&amp;__cft__[0]=AZUDF587q-Ng_L8-xLSDqYMavYcps8Dy1I5Y-VLFEbfhtY7VIgVCjmIsp8MIuupCTBkvNrJdh19dU_nOS0zULo_oJDLmEn7Thq9hBMGh98SAjsH-Z1LO5hKWCk6bQ9P6wSimr5MZ3dBhJn3Gd7fokVH4JK2eFQYLvdR897WNS9RmON9SEulTSNWoXwAqrdf9o2U&amp;__tn__=*NK-R\">#Pelileo<\/a>, que brindar\u00e1 una identidad propia a la calidad de este producto en los diferentes mercados del pa\u00eds.<\/p>\n\n\n\n<p>Este es un primer paso para que nuestro producto sea reconocido a nivel nacional y continuar el trabajo conjunto con la municipalidad en procesos de <a><\/a>internacionalizaci\u00f3n de la venta de esta fruta, destac\u00f3 Ver\u00f3nica Silva, coordinadora de la Asociaci\u00f3n ASOPROCLEM al agradecer al GAD municipal por generar esta marca y entregar el primer lote de sacos para la comercializaci\u00f3n.<\/p>\n","protected":false},"excerpt":{"rendered":"<p>El arduo trabajo de nuestros productores de aguacate de las&hellip; <\/p>\n","protected":false},"author":1,"featured_media":2229,"comment_status":"closed","ping_status":"closed","sticky":false,"template":"","format":"standard","meta":{"footnotes":""},"categories":[9],"tags":[],"class_list":["post-2228","post","type-post","status-publish","format-standard","has-post-thumbnail","hentry","category-slider"],"_links":{"self":[{"href":"https:\/\/pelileo.gob.ec\/v3\/wp-json\/wp\/v2\/posts\/2228","targetHints":{"allow":["GET"]}}],"collection":[{"href":"https:\/\/pelileo.gob.ec\/v3\/wp-json\/wp\/v2\/posts"}],"about":[{"href":"https:\/\/pelileo.gob.ec\/v3\/wp-json\/wp\/v2\/types\/post"}],"author":[{"embeddable":true,"href":"https:\/\/pelileo.gob.ec\/v3\/wp-json\/wp\/v2\/users\/1"}],"replies":[{"embeddable":true,"href":"https:\/\/pelileo.gob.ec\/v3\/wp-json\/wp\/v2\/comments?post=2228"}],"version-history":[{"count":1,"href":"https:\/\/pelileo.gob.ec\/v3\/wp-json\/wp\/v2\/posts\/2228\/revisions"}],"predecessor-version":[{"id":2230,"href":"https:\/\/pelileo.gob.ec\/v3\/wp-json\/wp\/v2\/posts\/2228\/revisions\/2230"}],"wp:featuredmedia":[{"embeddable":true,"href":"https:\/\/pelileo.gob.ec\/v3\/wp-json\/wp\/v2\/media\/2229"}],"wp:attachment":[{"href":"https:\/\/pelileo.gob.ec\/v3\/wp-json\/wp\/v2\/media?parent=2228"}],"wp:term":[{"taxonomy":"category","embeddable":true,"href":"https:\/\/pelileo.gob.ec\/v3\/wp-json\/wp\/v2\/categories?post=2228"},{"taxonomy":"post_tag","embeddable":true,"href":"https:\/\/pelileo.gob.ec\/v3\/wp-json\/wp\/v2\/tags?post=2228"}],"curies":[{"name":"wp","href":"https:\/\/api.w.org\/{rel}","templated":true}]}}