{"id":2231,"date":"2023-03-20T11:51:29","date_gmt":"2023-03-20T16:51:29","guid":{"rendered":"https:\/\/pelileo.gob.ec\/portal\/?p=2231"},"modified":"2023-03-20T11:51:29","modified_gmt":"2023-03-20T16:51:29","slug":"la-fundacion-italiana-acra-invertira-en-pelileo-para-fortalecer-el-trabajo-de-las-biogranjas-que-ofrece-productos-sanos-a-la-ciudadania","status":"publish","type":"post","link":"https:\/\/pelileo.gob.ec\/v3\/la-fundacion-italiana-acra-invertira-en-pelileo-para-fortalecer-el-trabajo-de-las-biogranjas-que-ofrece-productos-sanos-a-la-ciudadania\/","title":{"rendered":"La Fundaci\u00f3n italiana \u201cACRA\u201d invertir\u00e1 en Pelileo para fortalecer el trabajo de las biogranjas que ofrece productos sanos a la ciudadan\u00eda."},"content":{"rendered":"\n<p>Durante la feria de las biogranjas \u201cDe la mata a la olla\u201d, nuestro Alcalde Leonardo Maroto lleg\u00f3 con buenas noticias para las productoras agroecol\u00f3gicas de Pelileo; toda vez que gracias a su gesti\u00f3n, la Fundaci\u00f3n italiana \u201cACRA\u201d invertir\u00e1 en Pelileo para fortalecer el trabajo de las biogranjas que ofrece productos sanos a la ciudadan\u00eda.<\/p>\n\n\n\n<p>La Feria Agroecol\u00f3gica que se realiza en la Plaza 12 de noviembre los d\u00edas jueves, es parte de la propuesta municipal de preferir los <a><\/a>productos locales, sanos y a precios justos, para cuidar la salud y la econom\u00eda de los pelile\u00f1os.<\/p>\n","protected":false},"excerpt":{"rendered":"<p>Durante la feria de las biogranjas \u201cDe la mata a&hellip; <\/p>\n","protected":false},"author":1,"featured_media":2232,"comment_status":"closed","ping_status":"closed","sticky":false,"template":"","format":"standard","meta":{"footnotes":""},"categories":[9],"tags":[],"class_list":["post-2231","post","type-post","status-publish","format-standard","has-post-thumbnail","hentry","category-slider"],"_links":{"self":[{"href":"https:\/\/pelileo.gob.ec\/v3\/wp-json\/wp\/v2\/posts\/2231","targetHints":{"allow":["GET"]}}],"collection":[{"href":"https:\/\/pelileo.gob.ec\/v3\/wp-json\/wp\/v2\/posts"}],"about":[{"href":"https:\/\/pelileo.gob.ec\/v3\/wp-json\/wp\/v2\/types\/post"}],"author":[{"embeddable":true,"href":"https:\/\/pelileo.gob.ec\/v3\/wp-json\/wp\/v2\/users\/1"}],"replies":[{"embeddable":true,"href":"https:\/\/pelileo.gob.ec\/v3\/wp-json\/wp\/v2\/comments?post=2231"}],"version-history":[{"count":1,"href":"https:\/\/pelileo.gob.ec\/v3\/wp-json\/wp\/v2\/posts\/2231\/revisions"}],"predecessor-version":[{"id":2233,"href":"https:\/\/pelileo.gob.ec\/v3\/wp-json\/wp\/v2\/posts\/2231\/revisions\/2233"}],"wp:featuredmedia":[{"embeddable":true,"href":"https:\/\/pelileo.gob.ec\/v3\/wp-json\/wp\/v2\/media\/2232"}],"wp:attachment":[{"href":"https:\/\/pelileo.gob.ec\/v3\/wp-json\/wp\/v2\/media?parent=2231"}],"wp:term":[{"taxonomy":"category","embeddable":true,"href":"https:\/\/pelileo.gob.ec\/v3\/wp-json\/wp\/v2\/categories?post=2231"},{"taxonomy":"post_tag","embeddable":true,"href":"https:\/\/pelileo.gob.ec\/v3\/wp-json\/wp\/v2\/tags?post=2231"}],"curies":[{"name":"wp","href":"https:\/\/api.w.org\/{rel}","templated":true}]}}