{"id":2240,"date":"2023-03-27T09:05:59","date_gmt":"2023-03-27T14:05:59","guid":{"rendered":"https:\/\/pelileo.gob.ec\/portal\/?p=2240"},"modified":"2023-03-27T09:05:59","modified_gmt":"2023-03-27T14:05:59","slug":"lanzamiento-de-la-feria-ecuatextil-2023-que-se-desarrollara-en-quito","status":"publish","type":"post","link":"https:\/\/pelileo.gob.ec\/v3\/lanzamiento-de-la-feria-ecuatextil-2023-que-se-desarrollara-en-quito\/","title":{"rendered":"Lanzamiento de la Feria Ecuatextil 2023 que se desarrollar\u00e1 en Quito"},"content":{"rendered":"\n<p>Las \u00faltimas tendencias de la moda en prendas jean, deslumbraron durante el lanzamiento de la Feria Ecuatextil 2023 que se desarrollar\u00e1 en Quito los d\u00edas 30 y 31 de marzo y el 1 de abril en el Centro de Exposiciones Quito.<br>Nuestro Alcalde Leonardo Maroto destac\u00f3 la labor de nuestros artesanos que han convertido a la \u201cCiudad Azul\u201d en un emporio de trabajo y desarrollo con productos de alta calidad.<\/p>\n","protected":false},"excerpt":{"rendered":"<p>Las \u00faltimas tendencias de la moda en prendas jean, deslumbraron&hellip; <\/p>\n","protected":false},"author":1,"featured_media":2241,"comment_status":"closed","ping_status":"closed","sticky":false,"template":"","format":"standard","meta":{"footnotes":""},"categories":[9],"tags":[],"class_list":["post-2240","post","type-post","status-publish","format-standard","has-post-thumbnail","hentry","category-slider"],"_links":{"self":[{"href":"https:\/\/pelileo.gob.ec\/v3\/wp-json\/wp\/v2\/posts\/2240","targetHints":{"allow":["GET"]}}],"collection":[{"href":"https:\/\/pelileo.gob.ec\/v3\/wp-json\/wp\/v2\/posts"}],"about":[{"href":"https:\/\/pelileo.gob.ec\/v3\/wp-json\/wp\/v2\/types\/post"}],"author":[{"embeddable":true,"href":"https:\/\/pelileo.gob.ec\/v3\/wp-json\/wp\/v2\/users\/1"}],"replies":[{"embeddable":true,"href":"https:\/\/pelileo.gob.ec\/v3\/wp-json\/wp\/v2\/comments?post=2240"}],"version-history":[{"count":1,"href":"https:\/\/pelileo.gob.ec\/v3\/wp-json\/wp\/v2\/posts\/2240\/revisions"}],"predecessor-version":[{"id":2242,"href":"https:\/\/pelileo.gob.ec\/v3\/wp-json\/wp\/v2\/posts\/2240\/revisions\/2242"}],"wp:featuredmedia":[{"embeddable":true,"href":"https:\/\/pelileo.gob.ec\/v3\/wp-json\/wp\/v2\/media\/2241"}],"wp:attachment":[{"href":"https:\/\/pelileo.gob.ec\/v3\/wp-json\/wp\/v2\/media?parent=2240"}],"wp:term":[{"taxonomy":"category","embeddable":true,"href":"https:\/\/pelileo.gob.ec\/v3\/wp-json\/wp\/v2\/categories?post=2240"},{"taxonomy":"post_tag","embeddable":true,"href":"https:\/\/pelileo.gob.ec\/v3\/wp-json\/wp\/v2\/tags?post=2240"}],"curies":[{"name":"wp","href":"https:\/\/api.w.org\/{rel}","templated":true}]}}