{"id":2250,"date":"2023-03-30T17:08:51","date_gmt":"2023-03-30T22:08:51","guid":{"rendered":"https:\/\/pelileo.gob.ec\/portal\/?p=2250"},"modified":"2023-03-30T17:08:51","modified_gmt":"2023-03-30T22:08:51","slug":"%f0%9d%97%a3%f0%9d%97%98%f0%9d%97%9f%f0%9d%97%9c%f0%9d%97%9f%f0%9d%97%98%f0%9d%97%a2-%f0%9d%97%96%f0%9d%97%a2%f0%9d%97%a1-%f0%9d%97%a3%f0%9d%97%9f%f0%9d%97%94%f0%9d%97%a1-%f0%9d%97%97%f0%9d%97%98","status":"publish","type":"post","link":"https:\/\/pelileo.gob.ec\/v3\/%f0%9d%97%a3%f0%9d%97%98%f0%9d%97%9f%f0%9d%97%9c%f0%9d%97%9f%f0%9d%97%98%f0%9d%97%a2-%f0%9d%97%96%f0%9d%97%a2%f0%9d%97%a1-%f0%9d%97%a3%f0%9d%97%9f%f0%9d%97%94%f0%9d%97%a1-%f0%9d%97%97%f0%9d%97%98\/","title":{"rendered":"\ud835\udde3\ud835\uddd8\ud835\udddf\ud835\udddc\ud835\udddf\ud835\uddd8\ud835\udde2 \ud835\uddd6\ud835\udde2\ud835\udde1 \ud835\udde3\ud835\udddf\ud835\uddd4\ud835\udde1 \ud835\uddd7\ud835\uddd8 \ud835\uddd6\ud835\udde2\ud835\udde1\ud835\udde7\ud835\udddc\ud835\udde1\ud835\uddda\ud835\uddd8\ud835\udde1\ud835\uddd6\ud835\udddc\ud835\uddd4 \ud835\udde3\ud835\uddd4\ud835\udde5\ud835\uddd4 \ud835\uddd6\ud835\uddd4\ud835\udde0\ud835\udddc\ud835\udde1\ud835\uddd4\ud835\udde7\ud835\uddd4 \ud835\uddd7\ud835\uddd8 \ud835\udddf\ud835\uddd4 \ud835\uddd9\ud835\uddd8"},"content":{"rendered":"\n<p>Mediante reuni\u00f3n de trabajo, el pleno del Comit\u00e9 de Operaciones de Emergencia (COE) del cant\u00f3n <a href=\"https:\/\/www.facebook.com\/hashtag\/pelileo?__eep__=6&amp;__cft__[0]=AZXZLS4MGp1OQym6hlnthZaEnLOD8N_5oGd8fqgm4Apks0XBtszxzkzc14cm0Een6PJnu5Vwfekb8ZlO_UwezJBt2MsmO85et8E4DRlXB4NIDV198K66M9Cl1LKh3j-ZR5snGYbEbMAce-wJd4bhoJSb51ozG4kGcNQ-ryPgqGrcJ7Fc6L1qMMt-W59Oaci7T1U&amp;__tn__=*NK-R\">#Pelileo<\/a>, aprob\u00f3 el Plan de Contingencia que se cumplir\u00e1 el pr\u00f3ximo viernes 31 de marzo con motivo de la \u201cCamina de la Fe\u201d, a fin de garantizar la seguridad de los feligreses que se movilicen por este cant\u00f3n hasta la ciudad de Ba\u00f1os.<\/p>\n\n\n\n<p>De esta manera, todos los organismos de control y <a><\/a>respuesta se mantendr\u00e1n activados con puestos de auxilio para los caminantes ubicados en sectores estrat\u00e9gicos de la ruta, as\u00ed tambi\u00e9n mediante el control preventivo frente al consumo de alcohol y acciones delictivas.<\/p>\n","protected":false},"excerpt":{"rendered":"<p>Mediante reuni\u00f3n de trabajo, el pleno del Comit\u00e9 de Operaciones&hellip; <\/p>\n","protected":false},"author":1,"featured_media":2251,"comment_status":"closed","ping_status":"closed","sticky":false,"template":"","format":"standard","meta":{"footnotes":""},"categories":[9],"tags":[],"class_list":["post-2250","post","type-post","status-publish","format-standard","has-post-thumbnail","hentry","category-slider"],"_links":{"self":[{"href":"https:\/\/pelileo.gob.ec\/v3\/wp-json\/wp\/v2\/posts\/2250","targetHints":{"allow":["GET"]}}],"collection":[{"href":"https:\/\/pelileo.gob.ec\/v3\/wp-json\/wp\/v2\/posts"}],"about":[{"href":"https:\/\/pelileo.gob.ec\/v3\/wp-json\/wp\/v2\/types\/post"}],"author":[{"embeddable":true,"href":"https:\/\/pelileo.gob.ec\/v3\/wp-json\/wp\/v2\/users\/1"}],"replies":[{"embeddable":true,"href":"https:\/\/pelileo.gob.ec\/v3\/wp-json\/wp\/v2\/comments?post=2250"}],"version-history":[{"count":1,"href":"https:\/\/pelileo.gob.ec\/v3\/wp-json\/wp\/v2\/posts\/2250\/revisions"}],"predecessor-version":[{"id":2252,"href":"https:\/\/pelileo.gob.ec\/v3\/wp-json\/wp\/v2\/posts\/2250\/revisions\/2252"}],"wp:featuredmedia":[{"embeddable":true,"href":"https:\/\/pelileo.gob.ec\/v3\/wp-json\/wp\/v2\/media\/2251"}],"wp:attachment":[{"href":"https:\/\/pelileo.gob.ec\/v3\/wp-json\/wp\/v2\/media?parent=2250"}],"wp:term":[{"taxonomy":"category","embeddable":true,"href":"https:\/\/pelileo.gob.ec\/v3\/wp-json\/wp\/v2\/categories?post=2250"},{"taxonomy":"post_tag","embeddable":true,"href":"https:\/\/pelileo.gob.ec\/v3\/wp-json\/wp\/v2\/tags?post=2250"}],"curies":[{"name":"wp","href":"https:\/\/api.w.org\/{rel}","templated":true}]}}