{"id":2261,"date":"2023-04-10T08:41:33","date_gmt":"2023-04-10T13:41:33","guid":{"rendered":"https:\/\/pelileo.gob.ec\/portal\/?p=2261"},"modified":"2023-04-10T08:41:33","modified_gmt":"2023-04-10T13:41:33","slug":"la-solidaridad-y-los-brazos-extendidos-de-la-ciudadania-pelilena-se-mantiene-constante-con-nuestros-hermanos-de-alausi","status":"publish","type":"post","link":"https:\/\/pelileo.gob.ec\/v3\/la-solidaridad-y-los-brazos-extendidos-de-la-ciudadania-pelilena-se-mantiene-constante-con-nuestros-hermanos-de-alausi\/","title":{"rendered":"La solidaridad y los brazos extendidos de la ciudadan\u00eda pelile\u00f1a se mantiene constante con nuestros hermanos de Alaus\u00ed"},"content":{"rendered":"\n<p>La solidaridad y los brazos extendidos de la ciudadan\u00eda pelile\u00f1a se mantiene constante con nuestros hermanos de Alaus\u00ed, tras la tragedia natural que enlut\u00f3 muchos hogares de nuestros compatriotas.<\/p>\n\n\n\n<p>La administraci\u00f3n municipal que lidera nuestro Alcalde Leonardo Maroto entreg\u00f3 hoy, junto con la Concejal M\u00f3nica Villalba, alimentos, ropa, kits de aseo y m\u00e1s productos en manos de Diana Salgado, Jefa Pol\u00edtica de Alaus\u00ed , por ello; la autoridad agradeci\u00f3 por la ayuda y se <a><\/a>comprometi\u00f3 a que los productos lleguen de manera transparente a quienes m\u00e1s lo necesitan.<\/p>\n","protected":false},"excerpt":{"rendered":"<p>La solidaridad y los brazos extendidos de la ciudadan\u00eda pelile\u00f1a&hellip; <\/p>\n","protected":false},"author":1,"featured_media":2262,"comment_status":"closed","ping_status":"closed","sticky":false,"template":"","format":"standard","meta":{"footnotes":""},"categories":[9],"tags":[],"class_list":["post-2261","post","type-post","status-publish","format-standard","has-post-thumbnail","hentry","category-slider"],"_links":{"self":[{"href":"https:\/\/pelileo.gob.ec\/v3\/wp-json\/wp\/v2\/posts\/2261","targetHints":{"allow":["GET"]}}],"collection":[{"href":"https:\/\/pelileo.gob.ec\/v3\/wp-json\/wp\/v2\/posts"}],"about":[{"href":"https:\/\/pelileo.gob.ec\/v3\/wp-json\/wp\/v2\/types\/post"}],"author":[{"embeddable":true,"href":"https:\/\/pelileo.gob.ec\/v3\/wp-json\/wp\/v2\/users\/1"}],"replies":[{"embeddable":true,"href":"https:\/\/pelileo.gob.ec\/v3\/wp-json\/wp\/v2\/comments?post=2261"}],"version-history":[{"count":1,"href":"https:\/\/pelileo.gob.ec\/v3\/wp-json\/wp\/v2\/posts\/2261\/revisions"}],"predecessor-version":[{"id":2263,"href":"https:\/\/pelileo.gob.ec\/v3\/wp-json\/wp\/v2\/posts\/2261\/revisions\/2263"}],"wp:featuredmedia":[{"embeddable":true,"href":"https:\/\/pelileo.gob.ec\/v3\/wp-json\/wp\/v2\/media\/2262"}],"wp:attachment":[{"href":"https:\/\/pelileo.gob.ec\/v3\/wp-json\/wp\/v2\/media?parent=2261"}],"wp:term":[{"taxonomy":"category","embeddable":true,"href":"https:\/\/pelileo.gob.ec\/v3\/wp-json\/wp\/v2\/categories?post=2261"},{"taxonomy":"post_tag","embeddable":true,"href":"https:\/\/pelileo.gob.ec\/v3\/wp-json\/wp\/v2\/tags?post=2261"}],"curies":[{"name":"wp","href":"https:\/\/api.w.org\/{rel}","templated":true}]}}