{"id":2264,"date":"2023-04-10T09:08:59","date_gmt":"2023-04-10T14:08:59","guid":{"rendered":"https:\/\/pelileo.gob.ec\/portal\/?p=2264"},"modified":"2023-04-12T15:48:18","modified_gmt":"2023-04-12T20:48:18","slug":"invitacion-2","status":"publish","type":"post","link":"https:\/\/pelileo.gob.ec\/v3\/invitacion-2\/","title":{"rendered":"Invitaci\u00f3n"},"content":{"rendered":"\n<p>Invita a los Productores individuales; Organizaciones de econom\u00eda popular y solidaria: sectores comunitarios, asociativos, cooperativos; Unidades econ\u00f3micas populares; Artesanos; y Micro y peque\u00f1as unidades productivas; domiciliados en el Cant\u00f3n San Pedro de Pelileo, a la <strong>SOCIALIZACI\u00d3N, PREGUNTAS, RESPUESTAS Y ACLARACIONES <\/strong>de los procesos de contrataci\u00f3n p\u00fablica sujeto al procedimiento de Feria Inclusiva que realizar\u00e1 la entidad para contratar:<\/p>\n\n\n\n<p>C\u00f3digo de Procedimiento: FI-GADMCSPP-004-2023<\/p>\n\n\n\n<p>Procedimiento: \u201cADQUISICI\u00d3N E INSTALACI\u00d3N DE MOBILIARIO PARA LABORATORIO DE CONTROL DE CALIDAD DE AGUA POTABLE, TALLERES Y BODEGAS MUNICIPALES\u201d<\/p>\n\n\n\n<p>Presupuesto referencial de USD $44.147,17 sin incluir IVA.&nbsp;<\/p>\n\n\n\n<p><strong>D\u00eda:<\/strong> martes, 11 de abril del 2023<\/p>\n\n\n\n<p><strong>Hora:<\/strong> 10h00&nbsp;<\/p>\n\n\n\n<p><strong>Lugar:<\/strong> Direcci\u00f3n Administrativa \u2013 Gesti\u00f3n de Contrataci\u00f3n y Compras P\u00fablicas.&nbsp;<\/p>\n\n\n\n<p><strong>Direcci\u00f3n:<\/strong> Av. 22 de julio y Padre Chac\u00f3n&nbsp; Pelileo, 11 de abril del 2023&nbsp;<\/p>\n","protected":false},"excerpt":{"rendered":"<p>Invita a los Productores individuales; Organizaciones de econom\u00eda popular y&hellip; <\/p>\n","protected":false},"author":1,"featured_media":2265,"comment_status":"closed","ping_status":"closed","sticky":false,"template":"","format":"standard","meta":{"footnotes":""},"categories":[32,9],"tags":[],"class_list":["post-2264","post","type-post","status-publish","format-standard","has-post-thumbnail","hentry","category-invitaciones","category-slider"],"_links":{"self":[{"href":"https:\/\/pelileo.gob.ec\/v3\/wp-json\/wp\/v2\/posts\/2264","targetHints":{"allow":["GET"]}}],"collection":[{"href":"https:\/\/pelileo.gob.ec\/v3\/wp-json\/wp\/v2\/posts"}],"about":[{"href":"https:\/\/pelileo.gob.ec\/v3\/wp-json\/wp\/v2\/types\/post"}],"author":[{"embeddable":true,"href":"https:\/\/pelileo.gob.ec\/v3\/wp-json\/wp\/v2\/users\/1"}],"replies":[{"embeddable":true,"href":"https:\/\/pelileo.gob.ec\/v3\/wp-json\/wp\/v2\/comments?post=2264"}],"version-history":[{"count":1,"href":"https:\/\/pelileo.gob.ec\/v3\/wp-json\/wp\/v2\/posts\/2264\/revisions"}],"predecessor-version":[{"id":2266,"href":"https:\/\/pelileo.gob.ec\/v3\/wp-json\/wp\/v2\/posts\/2264\/revisions\/2266"}],"wp:featuredmedia":[{"embeddable":true,"href":"https:\/\/pelileo.gob.ec\/v3\/wp-json\/wp\/v2\/media\/2265"}],"wp:attachment":[{"href":"https:\/\/pelileo.gob.ec\/v3\/wp-json\/wp\/v2\/media?parent=2264"}],"wp:term":[{"taxonomy":"category","embeddable":true,"href":"https:\/\/pelileo.gob.ec\/v3\/wp-json\/wp\/v2\/categories?post=2264"},{"taxonomy":"post_tag","embeddable":true,"href":"https:\/\/pelileo.gob.ec\/v3\/wp-json\/wp\/v2\/tags?post=2264"}],"curies":[{"name":"wp","href":"https:\/\/api.w.org\/{rel}","templated":true}]}}