{"id":2271,"date":"2023-04-14T10:19:28","date_gmt":"2023-04-14T15:19:28","guid":{"rendered":"https:\/\/pelileo.gob.ec\/portal\/?p=2271"},"modified":"2023-04-14T10:20:12","modified_gmt":"2023-04-14T15:20:12","slug":"construccion-de-aceras-y-bordillos-en-la-via-que-une-el-sector-el-corte-con-la-parroquia-benitez","status":"publish","type":"post","link":"https:\/\/pelileo.gob.ec\/v3\/construccion-de-aceras-y-bordillos-en-la-via-que-une-el-sector-el-corte-con-la-parroquia-benitez\/","title":{"rendered":"Construcci\u00f3n de aceras y bordillos en la v\u00eda que une el sector El Corte con la parroquia Ben\u00edtez"},"content":{"rendered":"\n<p>Nuestro Alcalde Leonardo Maroto, conjuntamente con t\u00e9cnicos de Obras P\u00fablicas y dirigentes de la Junta Parroquial de Ben\u00edtez, recorrieron los trabajos de construcci\u00f3n de aceras y bordillos en la v\u00eda que une el sector El Corte con la parroquia Ben\u00edtez.<\/p>\n\n\n\n<p>Mediante este trabajo se brindar\u00e1 seguridad a los peatones, toda vez que a m\u00e1s de contar con toda la infraestructura de agua potable y alcantarillado sanitario, tambi\u00e9n cuenta con el revestimiento de acequias de agua de regad\u00edo <a><\/a>y muros de contenci\u00f3n en los sitios que ameriten su implementaci\u00f3n.<\/p>\n","protected":false},"excerpt":{"rendered":"<p>Nuestro Alcalde Leonardo Maroto, conjuntamente con t\u00e9cnicos de Obras P\u00fablicas&hellip; <\/p>\n","protected":false},"author":1,"featured_media":2272,"comment_status":"closed","ping_status":"closed","sticky":false,"template":"","format":"standard","meta":{"footnotes":""},"categories":[9],"tags":[],"class_list":["post-2271","post","type-post","status-publish","format-standard","has-post-thumbnail","hentry","category-slider"],"_links":{"self":[{"href":"https:\/\/pelileo.gob.ec\/v3\/wp-json\/wp\/v2\/posts\/2271","targetHints":{"allow":["GET"]}}],"collection":[{"href":"https:\/\/pelileo.gob.ec\/v3\/wp-json\/wp\/v2\/posts"}],"about":[{"href":"https:\/\/pelileo.gob.ec\/v3\/wp-json\/wp\/v2\/types\/post"}],"author":[{"embeddable":true,"href":"https:\/\/pelileo.gob.ec\/v3\/wp-json\/wp\/v2\/users\/1"}],"replies":[{"embeddable":true,"href":"https:\/\/pelileo.gob.ec\/v3\/wp-json\/wp\/v2\/comments?post=2271"}],"version-history":[{"count":1,"href":"https:\/\/pelileo.gob.ec\/v3\/wp-json\/wp\/v2\/posts\/2271\/revisions"}],"predecessor-version":[{"id":2273,"href":"https:\/\/pelileo.gob.ec\/v3\/wp-json\/wp\/v2\/posts\/2271\/revisions\/2273"}],"wp:featuredmedia":[{"embeddable":true,"href":"https:\/\/pelileo.gob.ec\/v3\/wp-json\/wp\/v2\/media\/2272"}],"wp:attachment":[{"href":"https:\/\/pelileo.gob.ec\/v3\/wp-json\/wp\/v2\/media?parent=2271"}],"wp:term":[{"taxonomy":"category","embeddable":true,"href":"https:\/\/pelileo.gob.ec\/v3\/wp-json\/wp\/v2\/categories?post=2271"},{"taxonomy":"post_tag","embeddable":true,"href":"https:\/\/pelileo.gob.ec\/v3\/wp-json\/wp\/v2\/tags?post=2271"}],"curies":[{"name":"wp","href":"https:\/\/api.w.org\/{rel}","templated":true}]}}