{"id":2293,"date":"2023-05-02T08:25:55","date_gmt":"2023-05-02T13:25:55","guid":{"rendered":"https:\/\/pelileo.gob.ec\/portal\/?p=2293"},"modified":"2023-05-02T08:25:55","modified_gmt":"2023-05-02T13:25:55","slug":"avanzan-los-trabajos-de-construccion-de-los-espacios-deportivos-en-el-barrio-la-paz","status":"publish","type":"post","link":"https:\/\/pelileo.gob.ec\/v3\/avanzan-los-trabajos-de-construccion-de-los-espacios-deportivos-en-el-barrio-la-paz\/","title":{"rendered":"Avanzan los trabajos de construcci\u00f3n de los espacios deportivos en el barrio La Paz"},"content":{"rendered":"\n<p>R\u00e1pidamente avanzan los trabajos de construcci\u00f3n de los espacios deportivos en el barrio La Paz de nuestro cant\u00f3n, obra que impulsar\u00e1 la actividad f\u00edsica y recreativa de la ni\u00f1ez y juventud del sector y servir\u00e1 adem\u00e1s como \u00e1reas de esparcimiento familiar.<br>La intervenci\u00f3n municipal en este escenario deportivo permitir\u00e1 contar con una cancha de f\u00fatbol, grader\u00edo con su respectiva cubierta, bater\u00edas sanitarias, centro m\u00e9dico, bar y el cerramiento total de toda el \u00e1rea deportiva para garantizar la seguridad de los deportistas y aficionados.<\/p>\n","protected":false},"excerpt":{"rendered":"<p>R\u00e1pidamente avanzan los trabajos de construcci\u00f3n de los espacios deportivos&hellip; <\/p>\n","protected":false},"author":1,"featured_media":2294,"comment_status":"closed","ping_status":"closed","sticky":false,"template":"","format":"standard","meta":{"footnotes":""},"categories":[9],"tags":[],"class_list":["post-2293","post","type-post","status-publish","format-standard","has-post-thumbnail","hentry","category-slider"],"_links":{"self":[{"href":"https:\/\/pelileo.gob.ec\/v3\/wp-json\/wp\/v2\/posts\/2293","targetHints":{"allow":["GET"]}}],"collection":[{"href":"https:\/\/pelileo.gob.ec\/v3\/wp-json\/wp\/v2\/posts"}],"about":[{"href":"https:\/\/pelileo.gob.ec\/v3\/wp-json\/wp\/v2\/types\/post"}],"author":[{"embeddable":true,"href":"https:\/\/pelileo.gob.ec\/v3\/wp-json\/wp\/v2\/users\/1"}],"replies":[{"embeddable":true,"href":"https:\/\/pelileo.gob.ec\/v3\/wp-json\/wp\/v2\/comments?post=2293"}],"version-history":[{"count":1,"href":"https:\/\/pelileo.gob.ec\/v3\/wp-json\/wp\/v2\/posts\/2293\/revisions"}],"predecessor-version":[{"id":2295,"href":"https:\/\/pelileo.gob.ec\/v3\/wp-json\/wp\/v2\/posts\/2293\/revisions\/2295"}],"wp:featuredmedia":[{"embeddable":true,"href":"https:\/\/pelileo.gob.ec\/v3\/wp-json\/wp\/v2\/media\/2294"}],"wp:attachment":[{"href":"https:\/\/pelileo.gob.ec\/v3\/wp-json\/wp\/v2\/media?parent=2293"}],"wp:term":[{"taxonomy":"category","embeddable":true,"href":"https:\/\/pelileo.gob.ec\/v3\/wp-json\/wp\/v2\/categories?post=2293"},{"taxonomy":"post_tag","embeddable":true,"href":"https:\/\/pelileo.gob.ec\/v3\/wp-json\/wp\/v2\/tags?post=2293"}],"curies":[{"name":"wp","href":"https:\/\/api.w.org\/{rel}","templated":true}]}}