{"id":2325,"date":"2023-05-15T09:00:28","date_gmt":"2023-05-15T14:00:28","guid":{"rendered":"https:\/\/pelileo.gob.ec\/portal\/?p=2325"},"modified":"2023-05-15T09:00:28","modified_gmt":"2023-05-15T14:00:28","slug":"posesion-de-la-administracion-municipal-2023-2027-del-concejo-municipal-del-canton-san-pedro-de-pelileo","status":"publish","type":"post","link":"https:\/\/pelileo.gob.ec\/v3\/posesion-de-la-administracion-municipal-2023-2027-del-concejo-municipal-del-canton-san-pedro-de-pelileo\/","title":{"rendered":"Posesi\u00f3n de la Administraci\u00f3n Municipal 2023-2027 del Concejo Municipal del cant\u00f3n San Pedro de Pelileo"},"content":{"rendered":"\n<p>Mediante un evento p\u00fablico realizado en la calle Eugenio Espejo, se llev\u00f3 a cabo la posesi\u00f3n de la Administraci\u00f3n Municipal 2023-2027 del Concejo Municipal del cant\u00f3n San Pedro de Pelileo.<\/p>\n\n\n\n<p>Durante su intervenci\u00f3n la flamante autoridad municipal ratific\u00f3 el compromiso de trabajar coordinadamente con la poblaci\u00f3n en procura de su bienestar y dar continuidad a los proyectos de la administraci\u00f3n cesante.<\/p>\n","protected":false},"excerpt":{"rendered":"<p>Mediante un evento p\u00fablico realizado en la calle Eugenio Espejo,&hellip; <\/p>\n","protected":false},"author":1,"featured_media":2326,"comment_status":"closed","ping_status":"closed","sticky":false,"template":"","format":"standard","meta":{"footnotes":""},"categories":[9],"tags":[],"class_list":["post-2325","post","type-post","status-publish","format-standard","has-post-thumbnail","hentry","category-slider"],"_links":{"self":[{"href":"https:\/\/pelileo.gob.ec\/v3\/wp-json\/wp\/v2\/posts\/2325","targetHints":{"allow":["GET"]}}],"collection":[{"href":"https:\/\/pelileo.gob.ec\/v3\/wp-json\/wp\/v2\/posts"}],"about":[{"href":"https:\/\/pelileo.gob.ec\/v3\/wp-json\/wp\/v2\/types\/post"}],"author":[{"embeddable":true,"href":"https:\/\/pelileo.gob.ec\/v3\/wp-json\/wp\/v2\/users\/1"}],"replies":[{"embeddable":true,"href":"https:\/\/pelileo.gob.ec\/v3\/wp-json\/wp\/v2\/comments?post=2325"}],"version-history":[{"count":1,"href":"https:\/\/pelileo.gob.ec\/v3\/wp-json\/wp\/v2\/posts\/2325\/revisions"}],"predecessor-version":[{"id":2327,"href":"https:\/\/pelileo.gob.ec\/v3\/wp-json\/wp\/v2\/posts\/2325\/revisions\/2327"}],"wp:featuredmedia":[{"embeddable":true,"href":"https:\/\/pelileo.gob.ec\/v3\/wp-json\/wp\/v2\/media\/2326"}],"wp:attachment":[{"href":"https:\/\/pelileo.gob.ec\/v3\/wp-json\/wp\/v2\/media?parent=2325"}],"wp:term":[{"taxonomy":"category","embeddable":true,"href":"https:\/\/pelileo.gob.ec\/v3\/wp-json\/wp\/v2\/categories?post=2325"},{"taxonomy":"post_tag","embeddable":true,"href":"https:\/\/pelileo.gob.ec\/v3\/wp-json\/wp\/v2\/tags?post=2325"}],"curies":[{"name":"wp","href":"https:\/\/api.w.org\/{rel}","templated":true}]}}